{"id":2327,"date":"2018-08-09T06:46:16","date_gmt":"2018-08-09T04:46:16","guid":{"rendered":"http:\/\/fdp-porta.de\/FDP\/?p=2327"},"modified":"2021-01-26T19:40:00","modified_gmt":"2021-01-26T17:40:00","slug":"mt-berichterstattung-fdp-fordert-groesstmoegliche-transparenz-in-der-debatte-zur-wittekindsburg","status":"publish","type":"post","link":"https:\/\/fdp-porta.de\/FDP\/mt-berichterstattung-fdp-fordert-groesstmoegliche-transparenz-in-der-debatte-zur-wittekindsburg\/","title":{"rendered":"MT Berichterstattung: FDP fordert gr\u00f6\u00dftm\u00f6gliche Transparenz in der Debatte zur Wittekindsburg"},"content":{"rendered":"<div>Die FDP unterst\u00fctzt den Antrag von Heinz Haunschild zur Einberufung einer Sonderratssitzung.<\/div>\n<div>In dieser Angelegenheit muss jetzt \u00a0von der Verwaltung pr\u00e4zise aufgekl\u00e4rt werden, &#8211;\u00a0Wer, wann, wo , was &#8211; gewusst hat.\u00a0Nur absolute Transparenz hilft jetzt noch das Durcheinander um die Erschlie\u00dfung des Wittekindsberg zu beenden, um nach vorne zu schauen.\u00a0Die B\u00fcrger m\u00fcssen in dieser Sitzung die M\u00f6glichkeit haben, Fragen zu stellen, die dann von der Verwaltungsleitung beantwortet werden m\u00fcssen.\u00a0Die FDP, so Fraktionsvorsitzende Cornelia M\u00fcller &#8211; \u00a0Dieker hofft, dass damit ein Neuanfang m\u00f6glich ist, um eine f\u00fcr alle \u00a0Beteiligten dauerhafte L\u00f6sung zur Erschlie\u00dfung des Areals rund um die Wittekindsburg zu erzielen.<\/div>\n<div>\n<\/div>\n<div><\/div>\n<div>Lesen Sie zum Thema auch einen im Mindener-Tageblatt hierzu erschienenen Artikel sowie Kommentar vom 07.08.2018 (Klick aufs Foto um Artikel zu vergr\u00f6\u00dfern):<\/div>\n<p style=\"text-align: center;\"><a href=\"http:\/\/fdp-porta.de\/FDP\/wp-content\/uploads\/2018\/08\/WK.png\"><img loading=\"lazy\" decoding=\"async\" class=\"aligncenter size-full wp-image-2328\" src=\"http:\/\/fdp-porta.de\/FDP\/wp-content\/uploads\/2018\/08\/WK.png\" alt=\"\" width=\"157\" height=\"576\" srcset=\"https:\/\/fdp-porta.de\/FDP\/wp-content\/uploads\/2018\/08\/WK.png 157w, https:\/\/fdp-porta.de\/FDP\/wp-content\/uploads\/2018\/08\/WK-82x300.png 82w\" sizes=\"auto, (max-width: 157px) 100vw, 157px\" \/><\/a> <a href=\"http:\/\/fdp-porta.de\/FDP\/wp-content\/uploads\/2018\/08\/WKom.png\"><img loading=\"lazy\" decoding=\"async\" class=\"aligncenter size-full wp-image-2329\" src=\"http:\/\/fdp-porta.de\/FDP\/wp-content\/uploads\/2018\/08\/WKom.png\" alt=\"\" width=\"341\" height=\"704\" srcset=\"https:\/\/fdp-porta.de\/FDP\/wp-content\/uploads\/2018\/08\/WKom.png 341w, https:\/\/fdp-porta.de\/FDP\/wp-content\/uploads\/2018\/08\/WKom-145x300.png 145w\" sizes=\"auto, (max-width: 341px) 100vw, 341px\" \/><\/a><\/p>\n<div class=\"entry-content\">\n<p>Copyright: Mindener Tageblatt, 07.08.2018, Texte und Fotos aus dem Mindener Tageblatt sind urheberrechtlich gesch\u00fctzt. Weiterverwendung nur mit schriftliche Genehmigung der Redaktion. Originalartikel abrufbar unter: <a href=\"http:\/\/www.mt.de\">http:\/\/www.mt.de<\/a><\/p>\n<\/div>\n","protected":false},"excerpt":{"rendered":"<p>Die FDP unterst\u00fctzt den Antrag von Heinz Haunschild zur Einberufung einer Sonderratssitzung. In dieser Angelegenheit muss jetzt \u00a0von der Verwaltung pr\u00e4zise aufgekl\u00e4rt werden, &#8211;\u00a0Wer, wann, wo , was &#8211; gewusst hat.\u00a0Nur absolute Transparenz hilft jetzt noch das Durcheinander um die Erschlie\u00dfung des Wittekindsberg zu beenden, um nach vorne zu schauen.\u00a0Die B\u00fcrger m\u00fcssen in dieser Sitzung [&hellip;]<\/p>\n","protected":false},"author":1,"featured_media":0,"comment_status":"closed","ping_status":"closed","sticky":false,"template":"","format":"standard","meta":{"footnotes":""},"categories":[1,13],"tags":[],"class_list":["post-2327","post","type-post","status-publish","format-standard","hentry","category-allgemein","category-fdp-porta-westfalica-aktuell"],"featured_image_src":null,"author_info":{"display_name":"webmaster","author_link":"https:\/\/fdp-porta.de\/FDP\/author\/webmaster\/"},"_links":{"self":[{"href":"https:\/\/fdp-porta.de\/FDP\/wp-json\/wp\/v2\/posts\/2327","targetHints":{"allow":["GET"]}}],"collection":[{"href":"https:\/\/fdp-porta.de\/FDP\/wp-json\/wp\/v2\/posts"}],"about":[{"href":"https:\/\/fdp-porta.de\/FDP\/wp-json\/wp\/v2\/types\/post"}],"author":[{"embeddable":true,"href":"https:\/\/fdp-porta.de\/FDP\/wp-json\/wp\/v2\/users\/1"}],"replies":[{"embeddable":true,"href":"https:\/\/fdp-porta.de\/FDP\/wp-json\/wp\/v2\/comments?post=2327"}],"version-history":[{"count":0,"href":"https:\/\/fdp-porta.de\/FDP\/wp-json\/wp\/v2\/posts\/2327\/revisions"}],"wp:attachment":[{"href":"https:\/\/fdp-porta.de\/FDP\/wp-json\/wp\/v2\/media?parent=2327"}],"wp:term":[{"taxonomy":"category","embeddable":true,"href":"https:\/\/fdp-porta.de\/FDP\/wp-json\/wp\/v2\/categories?post=2327"},{"taxonomy":"post_tag","embeddable":true,"href":"https:\/\/fdp-porta.de\/FDP\/wp-json\/wp\/v2\/tags?post=2327"}],"curies":[{"name":"wp","href":"https:\/\/api.w.org\/{rel}","templated":true}]}}