{"id":2309,"date":"2018-07-29T15:46:51","date_gmt":"2018-07-29T13:46:51","guid":{"rendered":"http:\/\/fdp-porta.de\/FDP\/?p=2309"},"modified":"2021-01-26T15:55:44","modified_gmt":"2021-01-26T13:55:44","slug":"der-neue-sommerpolibri-2018-ist-da","status":"publish","type":"post","link":"https:\/\/fdp-porta.de\/FDP\/der-neue-sommerpolibri-2018-ist-da\/","title":{"rendered":"Der neue Sommerpolibri 2018 ist da!"},"content":{"rendered":"<div class=\"\" data-block=\"true\" data-editor=\"3b9p5\" data-offset-key=\"69r8n-0-0\">\n<div class=\"_1mf _1mj\" data-offset-key=\"69r8n-0-0\">\n<hr \/>\n<p><span data-offset-key=\"69r8n-0-0\">Lesen Sie hier die neueste Ausgabe unseres POLIBRI Newsletters f\u00fcr Freunde und F\u00f6rderer der FDP Porta Westfalica. <\/span><\/div>\n<\/div>\n<div class=\"\" data-block=\"true\" data-editor=\"3b9p5\" data-offset-key=\"2ql2d-0-0\">\n<div class=\"_1mf _1mj\" data-offset-key=\"2ql2d-0-0\"><span data-offset-key=\"2ql2d-0-0\">\u00a0<\/span><\/div>\n<\/div>\n<div class=\"\" data-block=\"true\" data-editor=\"3b9p5\" data-offset-key=\"ft4b8-0-0\">\n<div class=\"_1mf _1mj\" data-offset-key=\"ft4b8-0-0\"><span data-offset-key=\"ft4b8-0-0\">Hier erfahren Sie viel Neues sowie zahlreiche Infos zur aktuellen politischen Arbeit der FDP.<\/span><\/div>\n<\/div>\n<p><a href=\"http:\/\/fdp-porta.de\/FDP\/wp-content\/uploads\/2018\/07\/Sommerpolibri-2018_final3.compressed.pdf\"><img loading=\"lazy\" decoding=\"async\" class=\"aligncenter size-full wp-image-2310\" src=\"http:\/\/fdp-porta.de\/FDP\/wp-content\/uploads\/2018\/07\/Unbenannt1.png\" alt=\"\" width=\"561\" height=\"207\" srcset=\"https:\/\/fdp-porta.de\/FDP\/wp-content\/uploads\/2018\/07\/Unbenannt1.png 561w, https:\/\/fdp-porta.de\/FDP\/wp-content\/uploads\/2018\/07\/Unbenannt1-300x111.png 300w\" sizes=\"auto, (max-width: 561px) 100vw, 561px\" \/><\/a><\/p>\n<p>Klicken Sie aufs Bild um zum Polibri zu gelangen oder rufen Sie folgenden Link auf:<\/p>\n<p><a href=\"http:\/\/fdp-porta.de\/FDP\/wp-content\/uploads\/2018\/07\/Sommerpolibri-2018_final3.compressed.pdf\">Sommerpolibri 2018<\/a><\/p>\n<p>F\u00fcr alle die sich den Flyer ausdrucken und selbst heften m\u00f6chten anbei die Druckversion:<\/p>\n<p><a href=\"http:\/\/fdp-porta.de\/FDP\/wp-content\/uploads\/2018\/07\/Sommerpolibri-2018_final_Druckversion3.compressed.pdf\">Sommerpolibri 2018_final_Druckversion3.compressed<\/a><\/p>\n<p>Druckinfo: Bitte in A4 quer, \u00dcbergro\u00dfe Seiten verkleinern, Seite beidseitig bedruckt und Bindung an kurzer Seite ausw\u00e4hlen.<\/p>\n","protected":false},"excerpt":{"rendered":"<p>Lesen Sie hier die neueste Ausgabe unseres POLIBRI Newsletters f\u00fcr Freunde und F\u00f6rderer der FDP Porta Westfalica. \u00a0 Hier erfahren Sie viel Neues sowie zahlreiche Infos zur aktuellen politischen Arbeit der FDP. Klicken Sie aufs Bild um zum Polibri zu gelangen oder rufen Sie folgenden Link auf: Sommerpolibri 2018 F\u00fcr alle die sich den Flyer [&hellip;]<\/p>\n","protected":false},"author":1,"featured_media":0,"comment_status":"closed","ping_status":"closed","sticky":false,"template":"","format":"standard","meta":{"footnotes":""},"categories":[1,13,16],"tags":[],"class_list":["post-2309","post","type-post","status-publish","format-standard","hentry","category-allgemein","category-fdp-porta-westfalica-aktuell","category-polibri-fdp-porta-westfalica-aktuell"],"featured_image_src":null,"author_info":{"display_name":"webmaster","author_link":"https:\/\/fdp-porta.de\/FDP\/author\/webmaster\/"},"_links":{"self":[{"href":"https:\/\/fdp-porta.de\/FDP\/wp-json\/wp\/v2\/posts\/2309","targetHints":{"allow":["GET"]}}],"collection":[{"href":"https:\/\/fdp-porta.de\/FDP\/wp-json\/wp\/v2\/posts"}],"about":[{"href":"https:\/\/fdp-porta.de\/FDP\/wp-json\/wp\/v2\/types\/post"}],"author":[{"embeddable":true,"href":"https:\/\/fdp-porta.de\/FDP\/wp-json\/wp\/v2\/users\/1"}],"replies":[{"embeddable":true,"href":"https:\/\/fdp-porta.de\/FDP\/wp-json\/wp\/v2\/comments?post=2309"}],"version-history":[{"count":0,"href":"https:\/\/fdp-porta.de\/FDP\/wp-json\/wp\/v2\/posts\/2309\/revisions"}],"wp:attachment":[{"href":"https:\/\/fdp-porta.de\/FDP\/wp-json\/wp\/v2\/media?parent=2309"}],"wp:term":[{"taxonomy":"category","embeddable":true,"href":"https:\/\/fdp-porta.de\/FDP\/wp-json\/wp\/v2\/categories?post=2309"},{"taxonomy":"post_tag","embeddable":true,"href":"https:\/\/fdp-porta.de\/FDP\/wp-json\/wp\/v2\/tags?post=2309"}],"curies":[{"name":"wp","href":"https:\/\/api.w.org\/{rel}","templated":true}]}}