{"id":2225,"date":"2018-04-26T19:57:47","date_gmt":"2018-04-26T17:57:47","guid":{"rendered":"http:\/\/fdp-porta.de\/FDP\/?p=2225"},"modified":"2018-04-26T19:58:08","modified_gmt":"2018-04-26T17:58:08","slug":"antrag-zum-zughaltepunkt-in-porta-westfalica-sueden","status":"publish","type":"post","link":"https:\/\/fdp-porta.de\/FDP\/antrag-zum-zughaltepunkt-in-porta-westfalica-sueden\/","title":{"rendered":"Antrag im Wirtschaftsf\u00f6rderungsausschuss zum Zughaltepunkt in Porta Westfalicas S\u00fcden"},"content":{"rendered":"<p><strong>Antrag der FDP-Fraktion zur Verbesserung des \u00d6PNV <\/strong>\u00a0zum WIF\u00d6 am12.6.2018<\/p>\n<p>Sehr geehrter Herr B\u00fcrgermeister,<\/p>\n<p><strong>die FDP-Fraktion beantragt, die Verwaltung zu beauftragen, mit der Nord-West-Bahn dem Betreiber der Bahnlinie RB 77 Weserbahn Gespr\u00e4che zu f\u00fchren. Diese Gespr\u00e4che sollten dazu f\u00fchren, die s\u00fcdlichen Ortsteile Porta Westfalicas sprich Eisbergen, Veltheim, M\u00f6llbergen \u00d6PNV m\u00e4\u00dfig besser zu erschlie\u00dfen.<\/strong><\/p>\n<p><strong>Begr\u00fcndung:<\/strong>Bekanntlich verl\u00e4uft die Bahnlinie L\u00f6hne \u2013 Elze im S\u00fcden der Stadt Porta Westfalica (durch die Stadtteile M\u00f6llbergen, Veltheim und Eisbergen), ohne das es im Bereich der Stadt eine Haltestelle mit Aus- und Zustiegsm\u00f6glichkeiten gibt. Die FDP-Fraktion beantragt, dieses zu \u00e4ndern. Die Verwaltung m\u00f6ge mit dem Betreiber, der Nordwest Bahn (Rb77 Weserbahn), entsprechende Verhandlungen aufnehmen.<\/p>\n<p>Als Haltepunkt bietet sich z. B. das Gel\u00e4nde um den fr\u00fcheren Veltheimer Bahnhof, gelegen im Veltheimer Gesch\u00e4ftszentrum an der Ravensberger Stra\u00dfe an. Dieser Ort ist auch von Bewohnern von M\u00f6llbergen und Eisbergen bestens zu erreichen.<\/p>\n<p>Somit h\u00e4tten die Bewohner dieser Ortsteile gute Gelegenheit, die nahe gelegenen St\u00e4dte Rinteln, Hameln bzw. Bad Oeynhausen, L\u00f6hne, B\u00fcnde,\u00a0 direkt zu erreichen. Und sie h\u00e4tten dadurch auch Anschluss an den Fernverkehr, \u00fcber B\u00fcnde, L\u00f6hne bzw. Elze oder Hildesheim.<\/p>\n<p>Da die Z\u00fcge nahezu im Stundentakt fahren, w\u00e4re das eine erhebliche Verbesserung des \u00d6PNV, denn die s\u00fcdlichen Stadtteile sind durch die Buslinien nicht ausreichend versorgt. Durch diese Versorgungsverbesserung wird sich auch das Fahrgastaufkommen f\u00fcr den Betreiber erheblich erh\u00f6hen.<\/p>\n<p>Doch nicht nur f\u00fcr die Bewohner macht ein Haltepunkt Sinn. Auch der Tourismus in der Stadt Porta Westfalica wird dadurch aufgewertet. So k\u00f6nnten beispielsweise G\u00e4ste im Rahmen einer geplanten Fahrradtour mit der Bahn anreisen und direkt in den Weserradweg einsteigen, und von Veltheim Richtung Hameln bzw. in Gegenrichtung fahren bzw. auch Tagestouren in diese Richtungen unternehmen und mit der Bahn den R\u00fcckweg antreten. Ebenso w\u00e4re es m\u00f6glich, mit der Bahn und dem Fahrrad anzureisen und in das Lippische Bergland bei Nutzung der Veltheimer Weserf\u00e4hre zu fahren. Startpunkt der so genannten \u201eHildburg Route\u201c ist die Veltheimer Kirche. Auch zur Nutzung dieser Strecke w\u00e4re eine m\u00f6gliche Anreise mit der Bahn eine hervorragende Alternative.<\/p>\n<p>Ausf\u00fchrungen zur Thematik finden sich auch in der Schrift: \u201eNahverkehr im Verkehrsverbunde OWL 2025\u201c, vom Fahrgastverband Pro Bahn und VCD aus Mai 2015, \u00d6PNV \u2013Zukunftskommission NRW.<\/p>\n<p>Die FDP-Fraktion ist der Auffassung, dass ein Haltepunkt an dieser durch den S\u00fcdteil in Porta Westfalica f\u00fchrenden Bahnlinie die Attraktivit\u00e4t unserer Stadt weiter erh\u00f6ht, da die n\u00e4chsten Haltestellen Rinteln und Vlotho sind. Ein zus\u00e4tzlicher Haltepunkt in Porta Westfalica w\u00e4re hier ein absoluter Gewinn. Dieses sollte unser aller Bestreben sein.<\/p>\n<p><strong>\u00a0<\/strong><\/p>\n<p>Freundliche Gr\u00fc\u00dfe<\/p>\n<p>Reinhold K\u00f6lling\u00a0\u00a0\u00a0\u00a0\u00a0\u00a0\u00a0\u00a0\u00a0\u00a0\u00a0\u00a0\u00a0\u00a0\u00a0\u00a0\u00a0\u00a0\u00a0\u00a0\u00a0\u00a0\u00a0\u00a0\u00a0\u00a0\u00a0\u00a0\u00a0\u00a0\u00a0\u00a0\u00a0\u00a0\u00a0\u00a0\u00a0\u00a0\u00a0\u00a0\u00a0\u00a0\u00a0\u00a0\u00a0\u00a0\u00a0\u00a0\u00a0\u00a0\u00a0\u00a0\u00a0\u00a0\u00a0Cornelia M\u00fcller-Dieker<\/p>\n<p>Sprecher im Ausschuss f\u00fcr<br \/>\nWirtschaftsf\u00f6rderung und Tourismus\u00a0\u00a0\u00a0\u00a0\u00a0\u00a0\u00a0\u00a0\u00a0\u00a0\u00a0\u00a0\u00a0\u00a0\u00a0\u00a0\u00a0 Fraktionsvorsitzende<\/p>\n","protected":false},"excerpt":{"rendered":"<p>Antrag der FDP-Fraktion zur Verbesserung des \u00d6PNV \u00a0zum WIF\u00d6 am12.6.2018 Sehr geehrter Herr B\u00fcrgermeister, die FDP-Fraktion beantragt, die Verwaltung zu beauftragen, mit der Nord-West-Bahn dem Betreiber der Bahnlinie RB 77 Weserbahn Gespr\u00e4che zu f\u00fchren. Diese Gespr\u00e4che sollten dazu f\u00fchren, die s\u00fcdlichen Ortsteile Porta Westfalicas sprich Eisbergen, Veltheim, M\u00f6llbergen \u00d6PNV m\u00e4\u00dfig besser zu erschlie\u00dfen. Begr\u00fcndung:Bekanntlich verl\u00e4uft [&hellip;]<\/p>\n","protected":false},"author":1,"featured_media":0,"comment_status":"closed","ping_status":"closed","sticky":false,"template":"","format":"standard","meta":{"footnotes":""},"categories":[1,18,13],"tags":[],"class_list":["post-2225","post","type-post","status-publish","format-standard","hentry","category-allgemein","category-antraege","category-fdp-porta-westfalica-aktuell"],"featured_image_src":null,"author_info":{"display_name":"webmaster","author_link":"https:\/\/fdp-porta.de\/FDP\/author\/webmaster\/"},"_links":{"self":[{"href":"https:\/\/fdp-porta.de\/FDP\/wp-json\/wp\/v2\/posts\/2225","targetHints":{"allow":["GET"]}}],"collection":[{"href":"https:\/\/fdp-porta.de\/FDP\/wp-json\/wp\/v2\/posts"}],"about":[{"href":"https:\/\/fdp-porta.de\/FDP\/wp-json\/wp\/v2\/types\/post"}],"author":[{"embeddable":true,"href":"https:\/\/fdp-porta.de\/FDP\/wp-json\/wp\/v2\/users\/1"}],"replies":[{"embeddable":true,"href":"https:\/\/fdp-porta.de\/FDP\/wp-json\/wp\/v2\/comments?post=2225"}],"version-history":[{"count":0,"href":"https:\/\/fdp-porta.de\/FDP\/wp-json\/wp\/v2\/posts\/2225\/revisions"}],"wp:attachment":[{"href":"https:\/\/fdp-porta.de\/FDP\/wp-json\/wp\/v2\/media?parent=2225"}],"wp:term":[{"taxonomy":"category","embeddable":true,"href":"https:\/\/fdp-porta.de\/FDP\/wp-json\/wp\/v2\/categories?post=2225"},{"taxonomy":"post_tag","embeddable":true,"href":"https:\/\/fdp-porta.de\/FDP\/wp-json\/wp\/v2\/tags?post=2225"}],"curies":[{"name":"wp","href":"https:\/\/api.w.org\/{rel}","templated":true}]}}