{"id":2118,"date":"2017-11-02T16:37:10","date_gmt":"2017-11-02T14:37:10","guid":{"rendered":"http:\/\/fdp-porta.de\/FDP\/?p=2118"},"modified":"2021-01-26T19:40:23","modified_gmt":"2021-01-26T17:40:23","slug":"einweihung-der-neuen-laermschutzwand-in-porta-westfalica-neesen","status":"publish","type":"post","link":"https:\/\/fdp-porta.de\/FDP\/einweihung-der-neuen-laermschutzwand-in-porta-westfalica-neesen\/","title":{"rendered":"Einweihung der neuen L\u00e4rmschutzwand in Porta Westfalica Neesen"},"content":{"rendered":"<div class=\"_1dwg _1w_m\">\n<div>\n<div class=\"_3x-2\">\n<div>\n<div class=\"_5r69 _sds\">\n<div class=\"mtm\">\n<div class=\"mtm _5pcm\">\n<div class=\"mtm _5pco\" data-ft=\"{&quot;tn&quot;:&quot;K&quot;}\">\n<div id=\"id_59fb2bc8b74a79470965467\" class=\"text_exposed_root text_exposed\">\n<figure id=\"attachment_2119\" aria-describedby=\"caption-attachment-2119\" style=\"width: 348px\" class=\"wp-caption aligncenter\"><a href=\"http:\/\/fdp-porta.de\/FDP\/wp-content\/uploads\/2017\/11\/23130558_1333404856788719_4202138817091012028_n.jpg\"><img loading=\"lazy\" decoding=\"async\" class=\"wp-image-2119\" src=\"http:\/\/fdp-porta.de\/FDP\/wp-content\/uploads\/2017\/11\/23130558_1333404856788719_4202138817091012028_n.jpg\" alt=\"\" width=\"348\" height=\"619\" srcset=\"https:\/\/fdp-porta.de\/FDP\/wp-content\/uploads\/2017\/11\/23130558_1333404856788719_4202138817091012028_n.jpg 540w, https:\/\/fdp-porta.de\/FDP\/wp-content\/uploads\/2017\/11\/23130558_1333404856788719_4202138817091012028_n-169x300.jpg 169w\" sizes=\"auto, (max-width: 348px) 100vw, 348px\" \/><\/a><figcaption id=\"caption-attachment-2119\" class=\"wp-caption-text\">FDP Fraktionsvorsitzende Cornelia M\u00fcller-Dieker und Bundestagsabgeordneter Frank Sch\u00e4ffler vor Ort in Neesen bei der Einweihung des L\u00e4rmschutzes.<\/figcaption><\/figure>\n<p>Heute haben unser Bundestagsabgeordneter Frank Sch\u00e4ffler sowie unsere Fraktionsvorsitzende Cornelia M\u00fcller-Dieker\u00a0gemeinsam mit\u00a0B\u00fcrgermeister Bernd Hedtmann und Vertretern der Deutschen Bahn den neuen L\u00e4rmschutz entlang <span class=\"text_exposed_show\">der Bahnlinie in Porta Westfalica eingeweiht. 2,1 Mio. Euro hat der Bund f\u00fcr dieses Teilst\u00fcck investiert. N\u00e4chstes Jahr geht es in Vennebeck weiter. Die Anwohner wird es freuen.<\/span><\/p>\n<p><a href=\"http:\/\/fdp-porta.de\/FDP\/wp-content\/uploads\/2017\/11\/23032863_1333404853455386_1492171523221872487_n.jpg\"><img loading=\"lazy\" decoding=\"async\" class=\"aligncenter  wp-image-2120\" src=\"http:\/\/fdp-porta.de\/FDP\/wp-content\/uploads\/2017\/11\/23032863_1333404853455386_1492171523221872487_n.jpg\" alt=\"\" width=\"464\" height=\"261\" srcset=\"https:\/\/fdp-porta.de\/FDP\/wp-content\/uploads\/2017\/11\/23032863_1333404853455386_1492171523221872487_n.jpg 960w, https:\/\/fdp-porta.de\/FDP\/wp-content\/uploads\/2017\/11\/23032863_1333404853455386_1492171523221872487_n-300x169.jpg 300w, https:\/\/fdp-porta.de\/FDP\/wp-content\/uploads\/2017\/11\/23032863_1333404853455386_1492171523221872487_n-768x432.jpg 768w, https:\/\/fdp-porta.de\/FDP\/wp-content\/uploads\/2017\/11\/23032863_1333404853455386_1492171523221872487_n-619x348.jpg 619w\" sizes=\"auto, (max-width: 464px) 100vw, 464px\" \/><\/a><\/p>\n<\/div>\n<\/div>\n<\/div>\n<\/div>\n<\/div>\n<\/div>\n<\/div>\n<div><\/div>\n<\/div>\n<\/div>\n<div><\/div>\n","protected":false},"excerpt":{"rendered":"<p>Heute haben unser Bundestagsabgeordneter Frank Sch\u00e4ffler sowie unsere Fraktionsvorsitzende Cornelia M\u00fcller-Dieker\u00a0gemeinsam mit\u00a0B\u00fcrgermeister Bernd Hedtmann und Vertretern der Deutschen Bahn den neuen L\u00e4rmschutz entlang der Bahnlinie in Porta Westfalica eingeweiht. 2,1 Mio. Euro hat der Bund f\u00fcr dieses Teilst\u00fcck investiert. N\u00e4chstes Jahr geht es in Vennebeck weiter. Die Anwohner wird es freuen.<\/p>\n","protected":false},"author":1,"featured_media":0,"comment_status":"closed","ping_status":"closed","sticky":false,"template":"","format":"standard","meta":{"footnotes":""},"categories":[1,13],"tags":[],"class_list":["post-2118","post","type-post","status-publish","format-standard","hentry","category-allgemein","category-fdp-porta-westfalica-aktuell"],"featured_image_src":null,"author_info":{"display_name":"webmaster","author_link":"https:\/\/fdp-porta.de\/FDP\/author\/webmaster\/"},"_links":{"self":[{"href":"https:\/\/fdp-porta.de\/FDP\/wp-json\/wp\/v2\/posts\/2118","targetHints":{"allow":["GET"]}}],"collection":[{"href":"https:\/\/fdp-porta.de\/FDP\/wp-json\/wp\/v2\/posts"}],"about":[{"href":"https:\/\/fdp-porta.de\/FDP\/wp-json\/wp\/v2\/types\/post"}],"author":[{"embeddable":true,"href":"https:\/\/fdp-porta.de\/FDP\/wp-json\/wp\/v2\/users\/1"}],"replies":[{"embeddable":true,"href":"https:\/\/fdp-porta.de\/FDP\/wp-json\/wp\/v2\/comments?post=2118"}],"version-history":[{"count":0,"href":"https:\/\/fdp-porta.de\/FDP\/wp-json\/wp\/v2\/posts\/2118\/revisions"}],"wp:attachment":[{"href":"https:\/\/fdp-porta.de\/FDP\/wp-json\/wp\/v2\/media?parent=2118"}],"wp:term":[{"taxonomy":"category","embeddable":true,"href":"https:\/\/fdp-porta.de\/FDP\/wp-json\/wp\/v2\/categories?post=2118"},{"taxonomy":"post_tag","embeddable":true,"href":"https:\/\/fdp-porta.de\/FDP\/wp-json\/wp\/v2\/tags?post=2118"}],"curies":[{"name":"wp","href":"https:\/\/api.w.org\/{rel}","templated":true}]}}