{"id":2065,"date":"2017-09-29T21:22:55","date_gmt":"2017-09-29T19:22:55","guid":{"rendered":"http:\/\/fdp-porta.de\/FDP\/?p=2065"},"modified":"2021-01-26T19:40:23","modified_gmt":"2021-01-26T17:40:23","slug":"fraktionsvorsitzende-cornelia-mueller-dieker-trifft-sabine-leutheusser-schnarrenberger","status":"publish","type":"post","link":"https:\/\/fdp-porta.de\/FDP\/fraktionsvorsitzende-cornelia-mueller-dieker-trifft-sabine-leutheusser-schnarrenberger\/","title":{"rendered":"Fraktionsvorsitzende Cornelia M\u00fcller-Dieker trifft Sabine Leutheusser-Schnarrenberger"},"content":{"rendered":"<p>Am Rande Ihrer\u00a0Lesung &#8222;Haltung ist St\u00e4rke&#8220; traf Sabine\u00a0Leutheusser-Schnarrenberger die Fraktionsvorsitzende der FDP Porta Westfalica, Cornelia M\u00fcller-Dieker, in Minden.<\/p>\n<p><a href=\"http:\/\/fdp-porta.de\/FDP\/wp-content\/uploads\/2017\/09\/IMG_8645.jpg\"><img loading=\"lazy\" decoding=\"async\" class=\"aligncenter size-full wp-image-2066\" src=\"http:\/\/fdp-porta.de\/FDP\/wp-content\/uploads\/2017\/09\/IMG_8645.jpg\" alt=\"\" width=\"720\" height=\"1280\" srcset=\"https:\/\/fdp-porta.de\/FDP\/wp-content\/uploads\/2017\/09\/IMG_8645.jpg 720w, https:\/\/fdp-porta.de\/FDP\/wp-content\/uploads\/2017\/09\/IMG_8645-169x300.jpg 169w, https:\/\/fdp-porta.de\/FDP\/wp-content\/uploads\/2017\/09\/IMG_8645-576x1024.jpg 576w, https:\/\/fdp-porta.de\/FDP\/wp-content\/uploads\/2017\/09\/IMG_8645-619x1100.jpg 619w\" sizes=\"auto, (max-width: 720px) 100vw, 720px\" \/><\/a><\/p>\n<p>&nbsp;<\/p>\n<p>&#8222;Mit Kopf und Herz: Das zeichnet das politische Handeln von Sabine Leutheusser-Schnarrenberger aus. Ihre Entscheidung, als Ministerin im Kabinett Kohl zur\u00fcckzutreten, weil sie den &#8222;Gro\u00dfen Lauschangriff&#8220; ablehnte, brachte ihr \u00fcber alle Parteien hinaus und in der Bev\u00f6lkerung h\u00f6chsten Respekt. Dreizehn Jahre sp\u00e4ter kehrte sie zur\u00fcck und setzte an der Seite von Angela Merkel ihren Kampf f\u00fcr die Freiheitsrechte fort. Mit Leidenschaft, einem langen Atmen, Humor und unbedingter Sachbezogenheit zeigt Sabine Leutheusser-Schnarrenberger Qualit\u00e4ten, \u00fcber die Politiker heute selten verf\u00fcgen und die von den W\u00e4hlern vermisst werden. In ihrem k\u00fcrzlich erschienenen Buch legt sie davon eindrucksvoll Zeugnis ab und vermittelt, in Minden geboren und aufgewachsen, dabei gleichzeitig Einblicke in das Leben ihrer Familie, das seit Generationen von politischem und pers\u00f6nlichem Engagement gepr\u00e4gt war.<br \/>\nSabine Leutheusser-Schnarrenberger war Mitglied der Parlamentarischen Versammlung des Europarates und geh\u00f6rt zahlreichen Organisationen an, die sich f\u00fcr B\u00fcrgerrechte einsetzen. Seit 2014 ist sie im Vorstand der Friedrich-Naumann-Stiftung t\u00e4tig. Ausgezeichnet wurde sie 1995 u.a. mit der Hamm-br\u00fccher-Medaille. 1997 w\u00e4hlte sie das ZDF-Journal &#8222;Mona Lisa&#8220; zur Frau des Jahres, 2202 erhielt sie das Bundesverdienstkreuz 1. Klasse und den Verdienstorden des Freistaats Bayern.&#8220; ((c) Minden Marketing GmbH)<\/p>\n","protected":false},"excerpt":{"rendered":"<p>Am Rande Ihrer\u00a0Lesung &#8222;Haltung ist St\u00e4rke&#8220; traf Sabine\u00a0Leutheusser-Schnarrenberger die Fraktionsvorsitzende der FDP Porta Westfalica, Cornelia M\u00fcller-Dieker, in Minden. &nbsp; &#8222;Mit Kopf und Herz: Das zeichnet das politische Handeln von Sabine Leutheusser-Schnarrenberger aus. Ihre Entscheidung, als Ministerin im Kabinett Kohl zur\u00fcckzutreten, weil sie den &#8222;Gro\u00dfen Lauschangriff&#8220; ablehnte, brachte ihr \u00fcber alle Parteien hinaus und in der [&hellip;]<\/p>\n","protected":false},"author":1,"featured_media":0,"comment_status":"closed","ping_status":"closed","sticky":false,"template":"","format":"image","meta":{"footnotes":""},"categories":[1,13],"tags":[],"class_list":["post-2065","post","type-post","status-publish","format-image","hentry","category-allgemein","category-fdp-porta-westfalica-aktuell","post_format-post-format-image"],"featured_image_src":null,"author_info":{"display_name":"webmaster","author_link":"https:\/\/fdp-porta.de\/FDP\/author\/webmaster\/"},"_links":{"self":[{"href":"https:\/\/fdp-porta.de\/FDP\/wp-json\/wp\/v2\/posts\/2065","targetHints":{"allow":["GET"]}}],"collection":[{"href":"https:\/\/fdp-porta.de\/FDP\/wp-json\/wp\/v2\/posts"}],"about":[{"href":"https:\/\/fdp-porta.de\/FDP\/wp-json\/wp\/v2\/types\/post"}],"author":[{"embeddable":true,"href":"https:\/\/fdp-porta.de\/FDP\/wp-json\/wp\/v2\/users\/1"}],"replies":[{"embeddable":true,"href":"https:\/\/fdp-porta.de\/FDP\/wp-json\/wp\/v2\/comments?post=2065"}],"version-history":[{"count":0,"href":"https:\/\/fdp-porta.de\/FDP\/wp-json\/wp\/v2\/posts\/2065\/revisions"}],"wp:attachment":[{"href":"https:\/\/fdp-porta.de\/FDP\/wp-json\/wp\/v2\/media?parent=2065"}],"wp:term":[{"taxonomy":"category","embeddable":true,"href":"https:\/\/fdp-porta.de\/FDP\/wp-json\/wp\/v2\/categories?post=2065"},{"taxonomy":"post_tag","embeddable":true,"href":"https:\/\/fdp-porta.de\/FDP\/wp-json\/wp\/v2\/tags?post=2065"}],"curies":[{"name":"wp","href":"https:\/\/api.w.org\/{rel}","templated":true}]}}