{"id":1922,"date":"2017-08-05T12:04:25","date_gmt":"2017-08-05T10:04:25","guid":{"rendered":"http:\/\/fdp-porta.de\/FDP\/?p=1922"},"modified":"2021-01-26T19:40:23","modified_gmt":"2021-01-26T17:40:23","slug":"e-bike-tour-mit-bundestagskandidat-frank-schaeffler-und-dem-fdp-kreisvorsitzenden-kai-abruszat","status":"publish","type":"post","link":"https:\/\/fdp-porta.de\/FDP\/e-bike-tour-mit-bundestagskandidat-frank-schaeffler-und-dem-fdp-kreisvorsitzenden-kai-abruszat\/","title":{"rendered":"E-Bike Tour mit Bundestagskandidat Frank Sch\u00e4ffler und dem FDP Kreisvorsitzenden Kai Abruszat"},"content":{"rendered":"<figure id=\"attachment_1935\" aria-describedby=\"caption-attachment-1935\" style=\"width: 1000px\" class=\"wp-caption aligncenter\"><a href=\"http:\/\/fdp-porta.de\/FDP\/wp-content\/uploads\/2017\/08\/IMG_3552-4.jpg\"><img loading=\"lazy\" decoding=\"async\" class=\"size-full wp-image-1935\" src=\"http:\/\/fdp-porta.de\/FDP\/wp-content\/uploads\/2017\/08\/IMG_3552-4.jpg\" alt=\"\" width=\"1000\" height=\"666\" srcset=\"https:\/\/fdp-porta.de\/FDP\/wp-content\/uploads\/2017\/08\/IMG_3552-4.jpg 1000w, https:\/\/fdp-porta.de\/FDP\/wp-content\/uploads\/2017\/08\/IMG_3552-4-300x200.jpg 300w, https:\/\/fdp-porta.de\/FDP\/wp-content\/uploads\/2017\/08\/IMG_3552-4-768x511.jpg 768w, https:\/\/fdp-porta.de\/FDP\/wp-content\/uploads\/2017\/08\/IMG_3552-4-619x412.jpg 619w\" sizes=\"auto, (max-width: 1000px) 100vw, 1000px\" \/><\/a><figcaption id=\"caption-attachment-1935\" class=\"wp-caption-text\">Urheberin: Dilek Paul, Herford<\/figcaption><\/figure>\n<p>Der Bundestagskandidaten der Liberalen im M\u00fchlenkreis \u00a0Frank Sch\u00e4ffler unternimmt gemeinsam mit dem Kreisvorsitzenden Kai Abruszat und einigen Portaner Liberalen am Donnerstag den 10.8.2017 eine Radtour durch das \u00a0Stadtgebiet.<br \/>\nStartpunkt ist um 14h \u00a0der Wochenmarkt in Hausberge, wo gerne Gespr\u00e4che mit den B\u00fcrgern gef\u00fchrt \u00a0werden.<br \/>\nWeiter geht es ins Gewerbegebiet nach Holtrup zur Firma Rodenberg einem alteingesessenem<br \/>\nUnternehmen und Hersteller von hochwertigen Haust\u00fcren.<br \/>\nVon dort aus f\u00e4hrt man zum Flugplatz Vennebeck, der ein wichtiger Infrastrukturfaktor f\u00fcr den Wirtschaftsstandort Porta Westfalica ist.<br \/>\nMit der F\u00e4hre Amanda setzen die Freien Demokraten dann auf die andere Weserseite \u00fcber.<br \/>\nVon hier aus radelt man dann weiter \u00a0Richtung Barkhausen und trifft sich dann in gem\u00fctlicher Runde an der Blue Bar.<br \/>\nAuch hier steht Frank Schaeffler f\u00fcr Gespr\u00e4che gern zur Verf\u00fcgung .<\/p>\n","protected":false},"excerpt":{"rendered":"<p>Der Bundestagskandidaten der Liberalen im M\u00fchlenkreis \u00a0Frank Sch\u00e4ffler unternimmt gemeinsam mit dem Kreisvorsitzenden Kai Abruszat und einigen Portaner Liberalen am Donnerstag den 10.8.2017 eine Radtour durch das \u00a0Stadtgebiet. Startpunkt ist um 14h \u00a0der Wochenmarkt in Hausberge, wo gerne Gespr\u00e4che mit den B\u00fcrgern gef\u00fchrt \u00a0werden. Weiter geht es ins Gewerbegebiet nach Holtrup zur Firma Rodenberg einem [&hellip;]<\/p>\n","protected":false},"author":1,"featured_media":0,"comment_status":"closed","ping_status":"closed","sticky":false,"template":"","format":"standard","meta":{"footnotes":""},"categories":[1,13],"tags":[],"class_list":["post-1922","post","type-post","status-publish","format-standard","hentry","category-allgemein","category-fdp-porta-westfalica-aktuell"],"featured_image_src":null,"author_info":{"display_name":"webmaster","author_link":"https:\/\/fdp-porta.de\/FDP\/author\/webmaster\/"},"_links":{"self":[{"href":"https:\/\/fdp-porta.de\/FDP\/wp-json\/wp\/v2\/posts\/1922","targetHints":{"allow":["GET"]}}],"collection":[{"href":"https:\/\/fdp-porta.de\/FDP\/wp-json\/wp\/v2\/posts"}],"about":[{"href":"https:\/\/fdp-porta.de\/FDP\/wp-json\/wp\/v2\/types\/post"}],"author":[{"embeddable":true,"href":"https:\/\/fdp-porta.de\/FDP\/wp-json\/wp\/v2\/users\/1"}],"replies":[{"embeddable":true,"href":"https:\/\/fdp-porta.de\/FDP\/wp-json\/wp\/v2\/comments?post=1922"}],"version-history":[{"count":0,"href":"https:\/\/fdp-porta.de\/FDP\/wp-json\/wp\/v2\/posts\/1922\/revisions"}],"wp:attachment":[{"href":"https:\/\/fdp-porta.de\/FDP\/wp-json\/wp\/v2\/media?parent=1922"}],"wp:term":[{"taxonomy":"category","embeddable":true,"href":"https:\/\/fdp-porta.de\/FDP\/wp-json\/wp\/v2\/categories?post=1922"},{"taxonomy":"post_tag","embeddable":true,"href":"https:\/\/fdp-porta.de\/FDP\/wp-json\/wp\/v2\/tags?post=1922"}],"curies":[{"name":"wp","href":"https:\/\/api.w.org\/{rel}","templated":true}]}}