{"id":1791,"date":"2017-03-27T05:30:21","date_gmt":"2017-03-27T03:30:21","guid":{"rendered":"http:\/\/fdp-porta.de\/FDP\/?p=1791"},"modified":"2021-01-26T19:40:40","modified_gmt":"2021-01-26T17:40:40","slug":"muehlenkreis-fdp-zeichnet-das-ehrenamt-aus","status":"publish","type":"post","link":"https:\/\/fdp-porta.de\/FDP\/muehlenkreis-fdp-zeichnet-das-ehrenamt-aus\/","title":{"rendered":"M\u00fchlenkreis FDP zeichnet das Ehrenamt aus"},"content":{"rendered":"<p>&nbsp;<\/p>\n<p><a href=\"http:\/\/fdp-porta.de\/FDP\/wp-content\/uploads\/2017\/03\/FullSizeRender-2.jpg\" rel=\"attachment wp-att-1792\"><img loading=\"lazy\" decoding=\"async\" class=\"aligncenter size-full wp-image-1792\" src=\"http:\/\/fdp-porta.de\/FDP\/wp-content\/uploads\/2017\/03\/FullSizeRender-2.jpg\" alt=\"FullSizeRender\" width=\"640\" height=\"558\" srcset=\"https:\/\/fdp-porta.de\/FDP\/wp-content\/uploads\/2017\/03\/FullSizeRender-2.jpg 640w, https:\/\/fdp-porta.de\/FDP\/wp-content\/uploads\/2017\/03\/FullSizeRender-2-300x262.jpg 300w, https:\/\/fdp-porta.de\/FDP\/wp-content\/uploads\/2017\/03\/FullSizeRender-2-619x540.jpg 619w\" sizes=\"auto, (max-width: 640px) 100vw, 640px\" \/><\/a>Die Freien Demokraten wertsch\u00e4tzen das Ehrenamt.<\/p>\n<p>Darum wurden beim diesj\u00e4hrigen Kreisparteitag der M\u00fchlenkreis Liberalen Andreas Eickmeier aus H\u00fcllhorst und die Portanerin Cornelia M\u00fcller-Dieker ausgezeichnet.<\/p>\n<p>Cornelia M\u00fcller-Dieker wurde f\u00fcr ihr herausragendes kommunalpolitisches Engagement mit dem sehr selten vergebenen Richard-Werncke \u2013Preis ausgezeichnet.<\/p>\n<p>Die Portaner Fraktionsvorsitzende, so Kreisvorsitzender Kai Abruszat,\u201c sei der lebendige Beweis, dass sich Frauen auch ohne Quote in der FDP durchsetzen.\u201c<\/p>\n<p>Andreas Eickmeier erhielt den G\u00fcnther Nolting-Preis, da er sich auch in schwierigen Zeiten f\u00fcr eine Kandidatur zur Bundestagswahl zur Verf\u00fcgung gestellt hat,\u201c in dem Wissen kein Mandat erringen zu k\u00f6nnen, aber im Bewusstsein, dass es wichtig ist, sich f\u00fcr Demokratie zu engagieren\u201c so Abruszat.<\/p>\n<p>Weiterhin stimmten sich die Liberalen auf die vor ihnen liegenden Wahlk\u00e4mpfe ein.<\/p>\n<p>Die Stimmung ist gut in der Partei waren sich Abruszat und Frank Sch\u00e4ffler, Bundestagskandidat der M\u00fchllenkreisliberalen einig. Man habe aus der Niederlage 2013 gelernt und gehe nicht nur geschlossen, sondern inhaltlich gut aufgestellt sowohl in die Landtags- wie auch in die Bundestagswahl.<\/p>\n<p>Nikolaus Netzel und Daniela Beil stellten als heimische Kandidaten die Fokusthemen zur Landtagswahl vor. Man war sich einig, dass insbesondere die Punkte Sicherheit und St\u00e4rkung der Polizeipr\u00e4senz , bessere Bildung an Kitas und Schulen, sowie der Breitbandausbau und Investitionen in den Stra\u00dfenbau dringend angefasst werden m\u00fcssen.<\/p>\n","protected":false},"excerpt":{"rendered":"<p>&nbsp; Die Freien Demokraten wertsch\u00e4tzen das Ehrenamt. Darum wurden beim diesj\u00e4hrigen Kreisparteitag der M\u00fchlenkreis Liberalen Andreas Eickmeier aus H\u00fcllhorst und die Portanerin Cornelia M\u00fcller-Dieker ausgezeichnet. Cornelia M\u00fcller-Dieker wurde f\u00fcr ihr herausragendes kommunalpolitisches Engagement mit dem sehr selten vergebenen Richard-Werncke \u2013Preis ausgezeichnet. Die Portaner Fraktionsvorsitzende, so Kreisvorsitzender Kai Abruszat,\u201c sei der lebendige Beweis, dass sich Frauen [&hellip;]<\/p>\n","protected":false},"author":1,"featured_media":0,"comment_status":"closed","ping_status":"closed","sticky":false,"template":"","format":"standard","meta":{"footnotes":""},"categories":[1,13],"tags":[],"class_list":["post-1791","post","type-post","status-publish","format-standard","hentry","category-allgemein","category-fdp-porta-westfalica-aktuell"],"featured_image_src":null,"author_info":{"display_name":"webmaster","author_link":"https:\/\/fdp-porta.de\/FDP\/author\/webmaster\/"},"_links":{"self":[{"href":"https:\/\/fdp-porta.de\/FDP\/wp-json\/wp\/v2\/posts\/1791","targetHints":{"allow":["GET"]}}],"collection":[{"href":"https:\/\/fdp-porta.de\/FDP\/wp-json\/wp\/v2\/posts"}],"about":[{"href":"https:\/\/fdp-porta.de\/FDP\/wp-json\/wp\/v2\/types\/post"}],"author":[{"embeddable":true,"href":"https:\/\/fdp-porta.de\/FDP\/wp-json\/wp\/v2\/users\/1"}],"replies":[{"embeddable":true,"href":"https:\/\/fdp-porta.de\/FDP\/wp-json\/wp\/v2\/comments?post=1791"}],"version-history":[{"count":0,"href":"https:\/\/fdp-porta.de\/FDP\/wp-json\/wp\/v2\/posts\/1791\/revisions"}],"wp:attachment":[{"href":"https:\/\/fdp-porta.de\/FDP\/wp-json\/wp\/v2\/media?parent=1791"}],"wp:term":[{"taxonomy":"category","embeddable":true,"href":"https:\/\/fdp-porta.de\/FDP\/wp-json\/wp\/v2\/categories?post=1791"},{"taxonomy":"post_tag","embeddable":true,"href":"https:\/\/fdp-porta.de\/FDP\/wp-json\/wp\/v2\/tags?post=1791"}],"curies":[{"name":"wp","href":"https:\/\/api.w.org\/{rel}","templated":true}]}}