{"id":1776,"date":"2017-01-29T12:42:37","date_gmt":"2017-01-29T10:42:37","guid":{"rendered":"http:\/\/fdp-porta.de\/FDP\/?p=1776"},"modified":"2021-01-26T19:40:40","modified_gmt":"2021-01-26T17:40:40","slug":"terminankuendigung-einladung-ordentlicher-parteitag-fdp-porta-westfalica","status":"publish","type":"post","link":"https:\/\/fdp-porta.de\/FDP\/terminankuendigung-einladung-ordentlicher-parteitag-fdp-porta-westfalica\/","title":{"rendered":"Terminank\u00fcndigung \/ Einladung: ordentlicher Parteitag FDP Porta Westfalica"},"content":{"rendered":"<p>An die Mitglieder des FDP Stadtverbandes Porta Westfalica<\/p>\n<p><strong><u>Einladung zum ordentlichen Ortsparteitag<\/u><\/strong><\/p>\n<p>Sehr geehrte Damen und Herren,<br \/>\nim Namen des Vorstandes des Stadtverbandes Porta Westfalica lade ich Sie gem\u00e4\u00df unserer Satzung sehr herzlich und fristgerecht ein zum<\/p>\n<p><strong>ordentlichen Parteitag <\/strong>am Dienstag, den <strong>28. Februar 2017 <\/strong>um <strong>19:00 Uhr <\/strong>im<\/p>\n<p><strong>B\u00fcrgerhaus in Porta Westfalica<br \/>\nAm Park 1<\/strong><strong><br \/>\n32457 Porta Westfalica <\/strong><\/p>\n<p>Als Tagesordnung schlage ich vor:<\/p>\n<ol>\n<li>Begr\u00fc\u00dfung durch den FDP-Stadtverbandsvorsitzenden Martin Bierwirth<\/li>\n<li>Ehrungen und Gedenken der im Jahr 2016 verstorbenen Mitglieder<\/li>\n<li>Gesch\u00e4ftsordnungsm\u00e4\u00dfige Feststellungen<\/li>\n<li>Gesch\u00e4ftsbericht des Stadtverbandsvorsitzenden Martin Bierwirth<\/li>\n<li>Politscher Rechenschaftsbericht durch die Fraktionsvorsitzende Cornelia M\u00fcller-Dieker<\/li>\n<li>Bericht der Schatzmeisterin Susanne Engelking<\/li>\n<li>Bericht der Kassenpr\u00fcfer<\/li>\n<li>Entlastung des Vorstandes<\/li>\n<li>Gru\u00dfwort der Wahlkreis-Kandidaten zur NRW Landtagswahl<br \/>\nNikolaus Netzel und Stephen Paul<\/li>\n<li>Verschiedenes<\/li>\n<\/ol>\n<p>Der Parteitag ist \u00f6ffentlich. G\u00e4ste sind wie immer jederzeit herzlich willkommen.<\/p>\n<p>Mit freundlichen Gr\u00fc\u00dfen<\/p>\n<p>Martin Bierwirth<br \/>\nVorsitzender des\u00a0FDP Stadtverband Porta Westfalica<\/p>\n","protected":false},"excerpt":{"rendered":"<p>An die Mitglieder des FDP Stadtverbandes Porta Westfalica Einladung zum ordentlichen Ortsparteitag Sehr geehrte Damen und Herren, im Namen des Vorstandes des Stadtverbandes Porta Westfalica lade ich Sie gem\u00e4\u00df unserer Satzung sehr herzlich und fristgerecht ein zum ordentlichen Parteitag am Dienstag, den 28. Februar 2017 um 19:00 Uhr im B\u00fcrgerhaus in Porta Westfalica Am Park [&hellip;]<\/p>\n","protected":false},"author":1,"featured_media":0,"comment_status":"closed","ping_status":"closed","sticky":false,"template":"","format":"standard","meta":{"footnotes":""},"categories":[1,13],"tags":[],"class_list":["post-1776","post","type-post","status-publish","format-standard","hentry","category-allgemein","category-fdp-porta-westfalica-aktuell"],"featured_image_src":null,"author_info":{"display_name":"webmaster","author_link":"https:\/\/fdp-porta.de\/FDP\/author\/webmaster\/"},"_links":{"self":[{"href":"https:\/\/fdp-porta.de\/FDP\/wp-json\/wp\/v2\/posts\/1776","targetHints":{"allow":["GET"]}}],"collection":[{"href":"https:\/\/fdp-porta.de\/FDP\/wp-json\/wp\/v2\/posts"}],"about":[{"href":"https:\/\/fdp-porta.de\/FDP\/wp-json\/wp\/v2\/types\/post"}],"author":[{"embeddable":true,"href":"https:\/\/fdp-porta.de\/FDP\/wp-json\/wp\/v2\/users\/1"}],"replies":[{"embeddable":true,"href":"https:\/\/fdp-porta.de\/FDP\/wp-json\/wp\/v2\/comments?post=1776"}],"version-history":[{"count":0,"href":"https:\/\/fdp-porta.de\/FDP\/wp-json\/wp\/v2\/posts\/1776\/revisions"}],"wp:attachment":[{"href":"https:\/\/fdp-porta.de\/FDP\/wp-json\/wp\/v2\/media?parent=1776"}],"wp:term":[{"taxonomy":"category","embeddable":true,"href":"https:\/\/fdp-porta.de\/FDP\/wp-json\/wp\/v2\/categories?post=1776"},{"taxonomy":"post_tag","embeddable":true,"href":"https:\/\/fdp-porta.de\/FDP\/wp-json\/wp\/v2\/tags?post=1776"}],"curies":[{"name":"wp","href":"https:\/\/api.w.org\/{rel}","templated":true}]}}