{"id":1766,"date":"2017-01-02T18:00:48","date_gmt":"2017-01-02T16:00:48","guid":{"rendered":"http:\/\/fdp-porta.de\/FDP\/?p=1766"},"modified":"2021-01-26T19:40:40","modified_gmt":"2021-01-26T17:40:40","slug":"ideenschmiede-fuer-tourismus-die-fdp-fraktion-laedt-ein","status":"publish","type":"post","link":"https:\/\/fdp-porta.de\/FDP\/ideenschmiede-fuer-tourismus-die-fdp-fraktion-laedt-ein\/","title":{"rendered":"Ideenschmiede f\u00fcr Tourismus &#8211; Die FDP \u2013 Fraktion l\u00e4dt ein"},"content":{"rendered":"<p>&nbsp;<\/p>\n<p>Die FDP \u2013 Fraktion l\u00e4dt am Mittwoch, den 11. Januar 2017, um 17.30h<\/p>\n<p>zu einer \u00f6ffentlichen Fraktionssitzung zum Thema Tourismus in Porta Westfalica<\/p>\n<p>in das B\u00fcrgerhaus (ehemals Haus des Gastes) Am Park 1, ein.<\/p>\n<p>Zu dieser Veranstaltung haben die Liberalen den Gesch\u00e4ftsf\u00fchrer des Touristikverbandes Westliches Weserbergland, Matthias Gr\u00e4bner, eingeladen. Auf Anregung von Reinhold K\u00f6lling, Sprecher der FDP f\u00fcr Wirtschaftsf\u00f6rderung und Tourismus, soll mit m\u00f6glichst vielen B\u00fcrgern folgende Themen diskutiert werden:<\/p>\n<p>Zukunftsperspektiven f\u00fcr Porta Westfalica und Vermarktung neuer Angebote wie z.B. Geo-, Mountainbike und Pferdetourismus, aber auch die St\u00e4rken die heute schon vorhanden sind, wie Radwege, Wanderwege, Wasser- und Klettersport kurzum die wunderbare Landschaft an Berg und Fluss den Menschen n\u00e4her zu bringen.<\/p>\n<p>Weiterhin m\u00f6chten die Liberalen mit Herrn Gr\u00e4bner die Nutzung neuer Medien<\/p>\n<p>wie z.B. eine B\u00fcrger- oder Porta Westfalica-App erl\u00e4utern.<\/p>\n<p>Tourismus ist f\u00fcr uns, so Cornelia M\u00fcller-Dieker, nicht nur eine zus\u00e4tzliche st\u00e4dtische Einnahmeoption, sondern tr\u00e4gt auch dazu bei, die Lebensqualit\u00e4t der heimischen Bev\u00f6lkerung zu steigern.<\/p>\n<p>Die Freien Demokraten freuen sich viele Portaner begr\u00fcssen zu d\u00fcrfen, damit<\/p>\n<p>unterschiedliche Ideen gesammelt werden k\u00f6nnen, die in die politische Arbeit des Jahres 2017 einflie\u00dfen k\u00f6nnen.<\/p>\n<p>&nbsp;<\/p>\n<p><strong><em>Cornelia M\u00fcller-Dieker<\/em><\/strong><\/p>\n<p><strong><em>Fraktionsvorsitzende<\/em><\/strong><\/p>\n","protected":false},"excerpt":{"rendered":"<p>&nbsp; Die FDP \u2013 Fraktion l\u00e4dt am Mittwoch, den 11. Januar 2017, um 17.30h zu einer \u00f6ffentlichen Fraktionssitzung zum Thema Tourismus in Porta Westfalica in das B\u00fcrgerhaus (ehemals Haus des Gastes) Am Park 1, ein. Zu dieser Veranstaltung haben die Liberalen den Gesch\u00e4ftsf\u00fchrer des Touristikverbandes Westliches Weserbergland, Matthias Gr\u00e4bner, eingeladen. Auf Anregung von Reinhold K\u00f6lling, [&hellip;]<\/p>\n","protected":false},"author":1,"featured_media":0,"comment_status":"closed","ping_status":"closed","sticky":false,"template":"","format":"standard","meta":{"footnotes":""},"categories":[1,13],"tags":[],"class_list":["post-1766","post","type-post","status-publish","format-standard","hentry","category-allgemein","category-fdp-porta-westfalica-aktuell"],"featured_image_src":null,"author_info":{"display_name":"webmaster","author_link":"https:\/\/fdp-porta.de\/FDP\/author\/webmaster\/"},"_links":{"self":[{"href":"https:\/\/fdp-porta.de\/FDP\/wp-json\/wp\/v2\/posts\/1766","targetHints":{"allow":["GET"]}}],"collection":[{"href":"https:\/\/fdp-porta.de\/FDP\/wp-json\/wp\/v2\/posts"}],"about":[{"href":"https:\/\/fdp-porta.de\/FDP\/wp-json\/wp\/v2\/types\/post"}],"author":[{"embeddable":true,"href":"https:\/\/fdp-porta.de\/FDP\/wp-json\/wp\/v2\/users\/1"}],"replies":[{"embeddable":true,"href":"https:\/\/fdp-porta.de\/FDP\/wp-json\/wp\/v2\/comments?post=1766"}],"version-history":[{"count":0,"href":"https:\/\/fdp-porta.de\/FDP\/wp-json\/wp\/v2\/posts\/1766\/revisions"}],"wp:attachment":[{"href":"https:\/\/fdp-porta.de\/FDP\/wp-json\/wp\/v2\/media?parent=1766"}],"wp:term":[{"taxonomy":"category","embeddable":true,"href":"https:\/\/fdp-porta.de\/FDP\/wp-json\/wp\/v2\/categories?post=1766"},{"taxonomy":"post_tag","embeddable":true,"href":"https:\/\/fdp-porta.de\/FDP\/wp-json\/wp\/v2\/tags?post=1766"}],"curies":[{"name":"wp","href":"https:\/\/api.w.org\/{rel}","templated":true}]}}