{"id":1633,"date":"2016-03-09T21:53:55","date_gmt":"2016-03-09T19:53:55","guid":{"rendered":"http:\/\/fdp-porta.de\/FDP\/?p=1633"},"modified":"2021-01-26T19:40:54","modified_gmt":"2021-01-26T17:40:54","slug":"liberale-diskutieren-ueber-fluechtlingsproblematik","status":"publish","type":"post","link":"https:\/\/fdp-porta.de\/FDP\/liberale-diskutieren-ueber-fluechtlingsproblematik\/","title":{"rendered":"Liberale diskutieren \u00fcber Fl\u00fcchtlingsproblematik"},"content":{"rendered":"<p>Martin Bierwirth mahnt in seiner Rede auf dem Ortsparteitag eine ausk\u00f6mmliche Finanzierung der Kommunen an.<\/p>\n<p>Lesen Sie den ganzen Artikel im Mindener Tageblatt:\u00a0<a href=\"http:\/\/www.mt.de\/lokales\/porta_westfalica\/20723952_Liberale-diskutieren-ueber-Fluechtlingsproblematik.html\">http:\/\/www.mt.de\/lokales\/porta_westfalica\/20723952_Liberale-diskutieren-ueber-Fluechtlingsproblematik.html<\/a><\/p>\n<p>Oder lesen Sie im Ausf\u00fchrlichen Bericht zum Ortsparteitag seine komplette Rede nach unter:\u00a0<a href=\"http:\/\/fdp-porta.de\/FDP\/?p=1612\">ordentlicher Ortsparteitag 2016<\/a><\/p>\n<p>&nbsp;<\/p>\n<p>&nbsp;<\/p>\n","protected":false},"excerpt":{"rendered":"<p>Martin Bierwirth mahnt in seiner Rede auf dem Ortsparteitag eine ausk\u00f6mmliche Finanzierung der Kommunen an. Lesen Sie den ganzen Artikel im Mindener Tageblatt:\u00a0http:\/\/www.mt.de\/lokales\/porta_westfalica\/20723952_Liberale-diskutieren-ueber-Fluechtlingsproblematik.html Oder lesen Sie im Ausf\u00fchrlichen Bericht zum Ortsparteitag seine komplette Rede nach unter:\u00a0ordentlicher Ortsparteitag 2016 &nbsp; &nbsp;<\/p>\n","protected":false},"author":1,"featured_media":0,"comment_status":"closed","ping_status":"closed","sticky":false,"template":"","format":"standard","meta":{"footnotes":""},"categories":[1,13],"tags":[],"class_list":["post-1633","post","type-post","status-publish","format-standard","hentry","category-allgemein","category-fdp-porta-westfalica-aktuell"],"featured_image_src":null,"author_info":{"display_name":"webmaster","author_link":"https:\/\/fdp-porta.de\/FDP\/author\/webmaster\/"},"_links":{"self":[{"href":"https:\/\/fdp-porta.de\/FDP\/wp-json\/wp\/v2\/posts\/1633","targetHints":{"allow":["GET"]}}],"collection":[{"href":"https:\/\/fdp-porta.de\/FDP\/wp-json\/wp\/v2\/posts"}],"about":[{"href":"https:\/\/fdp-porta.de\/FDP\/wp-json\/wp\/v2\/types\/post"}],"author":[{"embeddable":true,"href":"https:\/\/fdp-porta.de\/FDP\/wp-json\/wp\/v2\/users\/1"}],"replies":[{"embeddable":true,"href":"https:\/\/fdp-porta.de\/FDP\/wp-json\/wp\/v2\/comments?post=1633"}],"version-history":[{"count":0,"href":"https:\/\/fdp-porta.de\/FDP\/wp-json\/wp\/v2\/posts\/1633\/revisions"}],"wp:attachment":[{"href":"https:\/\/fdp-porta.de\/FDP\/wp-json\/wp\/v2\/media?parent=1633"}],"wp:term":[{"taxonomy":"category","embeddable":true,"href":"https:\/\/fdp-porta.de\/FDP\/wp-json\/wp\/v2\/categories?post=1633"},{"taxonomy":"post_tag","embeddable":true,"href":"https:\/\/fdp-porta.de\/FDP\/wp-json\/wp\/v2\/tags?post=1633"}],"curies":[{"name":"wp","href":"https:\/\/api.w.org\/{rel}","templated":true}]}}