{"id":1532,"date":"2015-07-28T10:29:51","date_gmt":"2015-07-28T08:29:51","guid":{"rendered":"http:\/\/fdp-porta.de\/FDP\/?p=1532"},"modified":"2021-01-26T19:40:55","modified_gmt":"2021-01-26T17:40:55","slug":"mt-berichterstattung-zum-fdp-antrag-twellsiekstrasse","status":"publish","type":"post","link":"https:\/\/fdp-porta.de\/FDP\/mt-berichterstattung-zum-fdp-antrag-twellsiekstrasse\/","title":{"rendered":"MT Berichterstattung zum FDP Antrag Twellsiekstra\u00dfe"},"content":{"rendered":"<p>Das MT berichtet \u00fcber den FDP Antrag zur Verkehrssituation auf der Twellsiekstra\u00dfe.<\/p>\n<h1 class=\"article-detail-headline\">Portaner FDP will mehr Sicherheit auf der Twellsiekstra\u00dfe<\/h1>\n<p>Lesen Sie hier mehr:<\/p>\n<p>http:\/\/www.mt.de\/lokales\/porta_westfalica\/20523629_Portaner-FDP-will-mehr-Sicherheit-auf-der-Twellsiekstrasse.html<\/p>\n","protected":false},"excerpt":{"rendered":"<p>Das MT berichtet \u00fcber den FDP Antrag zur Verkehrssituation auf der Twellsiekstra\u00dfe. Portaner FDP will mehr Sicherheit auf der Twellsiekstra\u00dfe Lesen Sie hier mehr: http:\/\/www.mt.de\/lokales\/porta_westfalica\/20523629_Portaner-FDP-will-mehr-Sicherheit-auf-der-Twellsiekstrasse.html<\/p>\n","protected":false},"author":1,"featured_media":0,"comment_status":"closed","ping_status":"closed","sticky":false,"template":"","format":"aside","meta":{"footnotes":""},"categories":[1,18,13,17],"tags":[],"class_list":["post-1532","post","type-post","status-publish","format-aside","hentry","category-allgemein","category-antraege","category-fdp-porta-westfalica-aktuell","category-pressemitteilungen","post_format-post-format-aside"],"featured_image_src":null,"author_info":{"display_name":"webmaster","author_link":"https:\/\/fdp-porta.de\/FDP\/author\/webmaster\/"},"_links":{"self":[{"href":"https:\/\/fdp-porta.de\/FDP\/wp-json\/wp\/v2\/posts\/1532","targetHints":{"allow":["GET"]}}],"collection":[{"href":"https:\/\/fdp-porta.de\/FDP\/wp-json\/wp\/v2\/posts"}],"about":[{"href":"https:\/\/fdp-porta.de\/FDP\/wp-json\/wp\/v2\/types\/post"}],"author":[{"embeddable":true,"href":"https:\/\/fdp-porta.de\/FDP\/wp-json\/wp\/v2\/users\/1"}],"replies":[{"embeddable":true,"href":"https:\/\/fdp-porta.de\/FDP\/wp-json\/wp\/v2\/comments?post=1532"}],"version-history":[{"count":0,"href":"https:\/\/fdp-porta.de\/FDP\/wp-json\/wp\/v2\/posts\/1532\/revisions"}],"wp:attachment":[{"href":"https:\/\/fdp-porta.de\/FDP\/wp-json\/wp\/v2\/media?parent=1532"}],"wp:term":[{"taxonomy":"category","embeddable":true,"href":"https:\/\/fdp-porta.de\/FDP\/wp-json\/wp\/v2\/categories?post=1532"},{"taxonomy":"post_tag","embeddable":true,"href":"https:\/\/fdp-porta.de\/FDP\/wp-json\/wp\/v2\/tags?post=1532"}],"curies":[{"name":"wp","href":"https:\/\/api.w.org\/{rel}","templated":true}]}}