{"id":1525,"date":"2015-07-11T16:18:32","date_gmt":"2015-07-11T14:18:32","guid":{"rendered":"http:\/\/fdp-porta.de\/FDP\/?p=1525"},"modified":"2021-01-26T19:40:55","modified_gmt":"2021-01-26T17:40:55","slug":"die-fdp-porta-westfalica-gratuliert-hans-kaiser-zum-80-geburtstag","status":"publish","type":"post","link":"https:\/\/fdp-porta.de\/FDP\/die-fdp-porta-westfalica-gratuliert-hans-kaiser-zum-80-geburtstag\/","title":{"rendered":"Die FDP Porta Westfalica gratuliert Hans Kaiser zum 80. Geburtstag"},"content":{"rendered":"<p>Fraktionsvorsitzende und stellv. Kreisverbandsvorsitzende Cornelia M\u00fcller-Dieker sowie\u00a0Stadtsverbandsvorsitzender Martin Bierwirth \u00fcberbrachten dem langj\u00e4hrigen und ehem. aktivem Fraktionsmitglied Hans Kaiser\u00a0die allerherzlichsten Gl\u00fcckw\u00fcnsche von Kreis- und Stadtverband sowie von den Fraktionen anl\u00e4sslich seines 80. Geburtstages.<\/p>\n<p>&nbsp;<\/p>\n<figure id=\"attachment_1526\" aria-describedby=\"caption-attachment-1526\" style=\"width: 660px\" class=\"wp-caption aligncenter\"><a href=\"http:\/\/fdp-porta.de\/FDP\/wp-content\/uploads\/2015\/07\/P7100347.jpg\"><img loading=\"lazy\" decoding=\"async\" class=\"size-large wp-image-1526\" src=\"http:\/\/fdp-porta.de\/FDP\/wp-content\/uploads\/2015\/07\/P7100347-1024x810.jpg\" alt=\"OLYMPUS DIGITAL CAMERA\" width=\"660\" height=\"522\" srcset=\"https:\/\/fdp-porta.de\/FDP\/wp-content\/uploads\/2015\/07\/P7100347-1024x810.jpg 1024w, https:\/\/fdp-porta.de\/FDP\/wp-content\/uploads\/2015\/07\/P7100347-300x237.jpg 300w, https:\/\/fdp-porta.de\/FDP\/wp-content\/uploads\/2015\/07\/P7100347-619x490.jpg 619w, https:\/\/fdp-porta.de\/FDP\/wp-content\/uploads\/2015\/07\/P7100347.jpg 1880w\" sizes=\"auto, (max-width: 660px) 100vw, 660px\" \/><\/a><figcaption id=\"caption-attachment-1526\" class=\"wp-caption-text\">von links: Cornelia M\u00fcller-Dieker, Hans Kaiser, Gerda Kaiser und Martin Bierwirth (Foto: Thomas M\u00fcller)<\/figcaption><\/figure>\n","protected":false},"excerpt":{"rendered":"<p>Fraktionsvorsitzende und stellv. Kreisverbandsvorsitzende Cornelia M\u00fcller-Dieker sowie\u00a0Stadtsverbandsvorsitzender Martin Bierwirth \u00fcberbrachten dem langj\u00e4hrigen und ehem. aktivem Fraktionsmitglied Hans Kaiser\u00a0die allerherzlichsten Gl\u00fcckw\u00fcnsche von Kreis- und Stadtverband sowie von den Fraktionen anl\u00e4sslich seines 80. Geburtstages. &nbsp;<\/p>\n","protected":false},"author":1,"featured_media":0,"comment_status":"closed","ping_status":"closed","sticky":false,"template":"","format":"standard","meta":{"footnotes":""},"categories":[1,13],"tags":[],"class_list":["post-1525","post","type-post","status-publish","format-standard","hentry","category-allgemein","category-fdp-porta-westfalica-aktuell"],"featured_image_src":null,"author_info":{"display_name":"webmaster","author_link":"https:\/\/fdp-porta.de\/FDP\/author\/webmaster\/"},"_links":{"self":[{"href":"https:\/\/fdp-porta.de\/FDP\/wp-json\/wp\/v2\/posts\/1525","targetHints":{"allow":["GET"]}}],"collection":[{"href":"https:\/\/fdp-porta.de\/FDP\/wp-json\/wp\/v2\/posts"}],"about":[{"href":"https:\/\/fdp-porta.de\/FDP\/wp-json\/wp\/v2\/types\/post"}],"author":[{"embeddable":true,"href":"https:\/\/fdp-porta.de\/FDP\/wp-json\/wp\/v2\/users\/1"}],"replies":[{"embeddable":true,"href":"https:\/\/fdp-porta.de\/FDP\/wp-json\/wp\/v2\/comments?post=1525"}],"version-history":[{"count":0,"href":"https:\/\/fdp-porta.de\/FDP\/wp-json\/wp\/v2\/posts\/1525\/revisions"}],"wp:attachment":[{"href":"https:\/\/fdp-porta.de\/FDP\/wp-json\/wp\/v2\/media?parent=1525"}],"wp:term":[{"taxonomy":"category","embeddable":true,"href":"https:\/\/fdp-porta.de\/FDP\/wp-json\/wp\/v2\/categories?post=1525"},{"taxonomy":"post_tag","embeddable":true,"href":"https:\/\/fdp-porta.de\/FDP\/wp-json\/wp\/v2\/tags?post=1525"}],"curies":[{"name":"wp","href":"https:\/\/api.w.org\/{rel}","templated":true}]}}