{"id":1512,"date":"2015-05-21T21:39:53","date_gmt":"2015-05-21T19:39:53","guid":{"rendered":"http:\/\/fdp-porta.de\/FDP\/?p=1512"},"modified":"2021-01-26T19:40:55","modified_gmt":"2021-01-26T17:40:55","slug":"fdp-antrag-zur-verkehrssicherheitschulwegsicherung-im-kreuzungsbereich-kirchsiekeisberger-str-wird-im-betriebsausschuss-einstimmig-genehmigt","status":"publish","type":"post","link":"https:\/\/fdp-porta.de\/FDP\/fdp-antrag-zur-verkehrssicherheitschulwegsicherung-im-kreuzungsbereich-kirchsiekeisberger-str-wird-im-betriebsausschuss-einstimmig-genehmigt\/","title":{"rendered":"FDP Antrag zur Verkehrssicherheit\/Schulwegsicherung im Kreuzungsbereich Kirchsiek\/Eisberger Str. wird im Betriebsausschuss einstimmig genehmigt"},"content":{"rendered":"<p>Die FDP Fraktion stellte im Betriebsausschuss folgenden Antrag zur Verkehrssicherung, welcher einstimmig im Betriebsausschuss genehmigt wurde:<\/p>\n<p>&nbsp;<\/p>\n<p><strong>FDP-Antrag f\u00fcr den Betriebsausschuss am 21. Mai 2015<\/strong><\/p>\n<p><strong>zur Verkehrssicherheit\/Schulwegsicherung im Kreuzungsbereich<\/strong><\/p>\n<p><strong>Kirchsiek\/Eisberger Str. L 780\/Frettholzweg K 23\/Veltheimer Str. L 865<\/strong><\/p>\n<p><strong>in Porta Westfalica\/Ortsteile Hausberge und Lohfeld<\/strong><\/p>\n<p>Sehr geehrter Herr Hedtmann,<\/p>\n<p>sehr geehrte Damen und Herren des Betriebsausschusses,<\/p>\n<p><strong>\u00a0<\/strong><\/p>\n<p><strong>die FDP-Fraktion beantragt, die Verwaltung zu beauftragen, Gespr\u00e4che<\/strong><\/p>\n<p><strong>mit den zust\u00e4ndigen Stra\u00dfenbaulasttr\u00e4gern aufzunehmen und einen<\/strong><\/p>\n<p><strong>Begehungstermin unter Einbindung der Antragstellerin zur Er\u00f6rterung<\/strong><\/p>\n<p><strong>m\u00f6glicher Ma\u00dfnahmen zur F\u00f6rderung der Verkehrssicherheit f\u00fcr <\/strong><\/p>\n<p><strong>Fu\u00dfg\u00e4nger an der Eisberger Stra\u00dfe zu vereinbaren.<\/strong><\/p>\n<p><strong>\u00a0<\/strong><\/p>\n<p><strong>Gleichzeitig beantragt die FDP-Fraktion, dass die Verwaltung beauftragt<\/strong><\/p>\n<p><strong>wird, Gespr\u00e4che mit der Deutschen Post zwecks Verlagerung des <\/strong><\/p>\n<p><strong>Briefkastens am Kirchsiek in H\u00f6he des Hauses Nr. 86 zu f\u00fchren.<\/strong><\/p>\n<p><strong>\u00a0<\/strong><\/p>\n<p>Begr\u00fcndung:<\/p>\n<p>&nbsp;<\/p>\n<ul>\n<li>Die aufgef\u00fchrten Landesstra\u00dfen haben ein hohes Verkehrsaufkommen,<br \/>\nda es sich um Verbindungsstra\u00dfen zu s\u00fcdlichen, s\u00fcd\u00f6stlichen und<br \/>\nn\u00f6rdlichen Bereichen von Porta Westfalica und zum angrenzenden<br \/>\nNiedersachsen handelt.<br \/>\nDie Veltheimer Stra\u00dfe ist zudem noch Autobahnzubringer und Umleitungs-<br \/>\nstrecke (U1) f\u00fcr die A2.<\/li>\n<\/ul>\n<ul>\n<li>F\u00fcr Fu\u00dfg\u00e4nger, insbesondere f\u00fcr die Schulkinder sowie f\u00fcr<br \/>\nRadfahrer ist es schwierig, die Eisberger Stra\u00dfe an den sich<br \/>\ngegen\u00fcberliegenden Schulbushaltestellen in H\u00f6he des Parkplatzes<br \/>\ndes Gesch\u00e4ftshauses (Ecke Veltheimer Stra\u00dfe) sicher zu \u00fcberqueren.<br \/>\nAuf der Fahrbahn gibt es keine optischen Hinweise bzw. Querungshilfen.<br \/>\nDie Verkehrsschilder \u201eSchulweg kreuzt\u201c auf jeder Seite reichen unserer<br \/>\nAnsicht und der Meinung betroffener B\u00fcrger aus den angrenzenden<br \/>\nWohngebieten nach zur Sicherung der Gefahrenstelle nicht aus.<br \/>\nZudem liegt die Bushaltestelle in Richtung Osten direkt am Parkplatz des<br \/>\nGesch\u00e4ftshauses mit An- und Abfahrten der Fahrzeuge.<\/li>\n<\/ul>\n<p>Begr\u00fcndung Briefkastenverlagerung:<\/p>\n<ul>\n<li>Der Briefkasten der Post liegt am Kirchsiek zwischen den Einm\u00fcndungen Kiekenbrink und Veltheimer Stra\u00dfe an einer sehr un\u00fcbersichtlichen<br \/>\nStelle, die f\u00fcr alle Verkehrsteilnehmer schwierig zu erreichen ist.<br \/>\nFahrzeuge m\u00fcssen auf der Fahrbahn halten bzw. parken, da es keine<\/li>\n<\/ul>\n<p>geeignete Haltem\u00f6glichkeit gibt.<br \/>\nFu\u00dfg\u00e4nger aus \u00f6stlicher Richtung m\u00fcssen die Veltheimer Stra\u00dfe<br \/>\nbis zur H\u00f6he Demminer Stra\u00dfe\/Richard-Wagner-Str. gehen, da sie im<br \/>\nKreuzungsbereich die Stra\u00dfe aus Sicherheitsgr\u00fcnden nicht passieren k\u00f6nnen.<\/p>\n<p>&nbsp;<\/p>\n<p>Susanne Engelking\u00a0\u00a0\u00a0\u00a0\u00a0\u00a0\u00a0\u00a0\u00a0\u00a0\u00a0\u00a0\u00a0\u00a0\u00a0\u00a0\u00a0\u00a0\u00a0\u00a0\u00a0\u00a0\u00a0\u00a0\u00a0\u00a0\u00a0\u00a0\u00a0\u00a0\u00a0\u00a0\u00a0\u00a0\u00a0\u00a0\u00a0\u00a0\u00a0\u00a0\u00a0\u00a0\u00a0\u00a0\u00a0\u00a0\u00a0\u00a0\u00a0\u00a0\u00a0\u00a0\u00a0\u00a0\u00a0\u00a0 Martin Bierwirth<\/p>\n<p>(stellv. Fraktionsvorsitzende)\u00a0\u00a0\u00a0\u00a0\u00a0\u00a0\u00a0\u00a0\u00a0\u00a0\u00a0\u00a0\u00a0\u00a0\u00a0\u00a0\u00a0\u00a0\u00a0\u00a0\u00a0\u00a0\u00a0\u00a0\u00a0\u00a0\u00a0\u00a0\u00a0 (Mitglied des Betriebsausschusses)<\/p>\n<p>&nbsp;<\/p>\n<p>&nbsp;<\/p>\n","protected":false},"excerpt":{"rendered":"<p>Die FDP Fraktion stellte im Betriebsausschuss folgenden Antrag zur Verkehrssicherung, welcher einstimmig im Betriebsausschuss genehmigt wurde: &nbsp; FDP-Antrag f\u00fcr den Betriebsausschuss am 21. Mai 2015 zur Verkehrssicherheit\/Schulwegsicherung im Kreuzungsbereich Kirchsiek\/Eisberger Str. L 780\/Frettholzweg K 23\/Veltheimer Str. L 865 in Porta Westfalica\/Ortsteile Hausberge und Lohfeld Sehr geehrter Herr Hedtmann, sehr geehrte Damen und Herren des Betriebsausschusses, [&hellip;]<\/p>\n","protected":false},"author":1,"featured_media":0,"comment_status":"closed","ping_status":"closed","sticky":false,"template":"","format":"standard","meta":{"footnotes":""},"categories":[1,18,13],"tags":[],"class_list":["post-1512","post","type-post","status-publish","format-standard","hentry","category-allgemein","category-antraege","category-fdp-porta-westfalica-aktuell"],"featured_image_src":null,"author_info":{"display_name":"webmaster","author_link":"https:\/\/fdp-porta.de\/FDP\/author\/webmaster\/"},"_links":{"self":[{"href":"https:\/\/fdp-porta.de\/FDP\/wp-json\/wp\/v2\/posts\/1512","targetHints":{"allow":["GET"]}}],"collection":[{"href":"https:\/\/fdp-porta.de\/FDP\/wp-json\/wp\/v2\/posts"}],"about":[{"href":"https:\/\/fdp-porta.de\/FDP\/wp-json\/wp\/v2\/types\/post"}],"author":[{"embeddable":true,"href":"https:\/\/fdp-porta.de\/FDP\/wp-json\/wp\/v2\/users\/1"}],"replies":[{"embeddable":true,"href":"https:\/\/fdp-porta.de\/FDP\/wp-json\/wp\/v2\/comments?post=1512"}],"version-history":[{"count":0,"href":"https:\/\/fdp-porta.de\/FDP\/wp-json\/wp\/v2\/posts\/1512\/revisions"}],"wp:attachment":[{"href":"https:\/\/fdp-porta.de\/FDP\/wp-json\/wp\/v2\/media?parent=1512"}],"wp:term":[{"taxonomy":"category","embeddable":true,"href":"https:\/\/fdp-porta.de\/FDP\/wp-json\/wp\/v2\/categories?post=1512"},{"taxonomy":"post_tag","embeddable":true,"href":"https:\/\/fdp-porta.de\/FDP\/wp-json\/wp\/v2\/tags?post=1512"}],"curies":[{"name":"wp","href":"https:\/\/api.w.org\/{rel}","templated":true}]}}