{"id":1494,"date":"2015-04-09T18:19:30","date_gmt":"2015-04-09T16:19:30","guid":{"rendered":"http:\/\/fdp-porta.de\/FDP\/?p=1494"},"modified":"2021-01-26T19:40:55","modified_gmt":"2021-01-26T17:40:55","slug":"umbesetzung-im-betriebsausschuss-und-im-aufsichtsrat-stadtwerke","status":"publish","type":"post","link":"https:\/\/fdp-porta.de\/FDP\/umbesetzung-im-betriebsausschuss-und-im-aufsichtsrat-stadtwerke\/","title":{"rendered":"Umbesetzung im Betriebsausschuss und im Aufsichtsrat Stadtwerke"},"content":{"rendered":"<p>Beim Vorsitzenden der FDP Porta Westfalica (Martin Bierwirth) steht in k\u00fcrze Nachwuchs ins Haus.\u00a0Daher wird aktuell seine ganze Aufmerksamkeit anderweitig ben\u00f6tigt.<\/p>\n<p>Aus diesem Grund hat er sich dazu entschlossen sein Mandat beim Betriebsausschuss und im Aufsichtsrat der Stadtwerke Porta Westfalica bis auf weiteres an seine Fraktionskollegen Rolf Tebbe, Cornelia M\u00fcller-Dieker sowie Dirk Neitmann zu \u00fcbertragen.<\/p>\n<p>&#8222;Ich kehre der Politik nicht den R\u00fccken, sondern beschr\u00e4nke mich eine Weile auf die 2. Reihe&#8220;, so Bierwirth, &#8222;denn aktuell gibt es f\u00fcr mich eine Menge anderer neuer, erfreulicher Dinge zu begleiten&#8220;.<\/p>\n<p>Die neue FDP Ausschussbesetzung im Betriebsausschuss wird unter Vorbehalt der Zustimmung des Rates am 20.04.0215 dann neu so aussehen:<\/p>\n<p>ordentliches Mitglied: Rolf Tebbe<br \/>\nstellv. Mitglied: Martin Bierwirth<\/p>\n<p>Im Aufsichtsrat Stadtwerke w\u00fcrde dann Cornelia M\u00fcller-Dieker an die Stelle von Martin Bierwirth r\u00fccken. Die Vertretung hier \u00fcbernimmt Dirk Neitmann.<\/p>\n<p>Wir danken Martin Bierwirth f\u00fcr sein bisheriges Engagement und w\u00fcnschen ihm f\u00fcr seine bevorstehenden famili\u00e4ren Ver\u00e4nderungen alles Gute.<\/p>\n<p>Den neuen Mandatstr\u00e4gern w\u00fcnschen wir viel Erfolg.<\/p>\n<p>&nbsp;<\/p>\n","protected":false},"excerpt":{"rendered":"<p>Beim Vorsitzenden der FDP Porta Westfalica (Martin Bierwirth) steht in k\u00fcrze Nachwuchs ins Haus.\u00a0Daher wird aktuell seine ganze Aufmerksamkeit anderweitig ben\u00f6tigt. Aus diesem Grund hat er sich dazu entschlossen sein Mandat beim Betriebsausschuss und im Aufsichtsrat der Stadtwerke Porta Westfalica bis auf weiteres an seine Fraktionskollegen Rolf Tebbe, Cornelia M\u00fcller-Dieker sowie Dirk Neitmann zu \u00fcbertragen. [&hellip;]<\/p>\n","protected":false},"author":1,"featured_media":0,"comment_status":"closed","ping_status":"closed","sticky":false,"template":"","format":"standard","meta":{"footnotes":""},"categories":[1,13],"tags":[],"class_list":["post-1494","post","type-post","status-publish","format-standard","hentry","category-allgemein","category-fdp-porta-westfalica-aktuell"],"featured_image_src":null,"author_info":{"display_name":"webmaster","author_link":"https:\/\/fdp-porta.de\/FDP\/author\/webmaster\/"},"_links":{"self":[{"href":"https:\/\/fdp-porta.de\/FDP\/wp-json\/wp\/v2\/posts\/1494","targetHints":{"allow":["GET"]}}],"collection":[{"href":"https:\/\/fdp-porta.de\/FDP\/wp-json\/wp\/v2\/posts"}],"about":[{"href":"https:\/\/fdp-porta.de\/FDP\/wp-json\/wp\/v2\/types\/post"}],"author":[{"embeddable":true,"href":"https:\/\/fdp-porta.de\/FDP\/wp-json\/wp\/v2\/users\/1"}],"replies":[{"embeddable":true,"href":"https:\/\/fdp-porta.de\/FDP\/wp-json\/wp\/v2\/comments?post=1494"}],"version-history":[{"count":0,"href":"https:\/\/fdp-porta.de\/FDP\/wp-json\/wp\/v2\/posts\/1494\/revisions"}],"wp:attachment":[{"href":"https:\/\/fdp-porta.de\/FDP\/wp-json\/wp\/v2\/media?parent=1494"}],"wp:term":[{"taxonomy":"category","embeddable":true,"href":"https:\/\/fdp-porta.de\/FDP\/wp-json\/wp\/v2\/categories?post=1494"},{"taxonomy":"post_tag","embeddable":true,"href":"https:\/\/fdp-porta.de\/FDP\/wp-json\/wp\/v2\/tags?post=1494"}],"curies":[{"name":"wp","href":"https:\/\/api.w.org\/{rel}","templated":true}]}}