{"id":1406,"date":"2015-01-05T21:53:41","date_gmt":"2015-01-05T19:53:41","guid":{"rendered":"http:\/\/fdp-porta.de\/FDP\/?p=1406"},"modified":"2021-01-26T19:41:11","modified_gmt":"2021-01-26T17:41:11","slug":"fdp-stellt-antrag-zum-thema-energiebericht-fuer-die-stadt-porta-westfalica","status":"publish","type":"post","link":"https:\/\/fdp-porta.de\/FDP\/fdp-stellt-antrag-zum-thema-energiebericht-fuer-die-stadt-porta-westfalica\/","title":{"rendered":"FDP stellt Antrag zum Thema: Energiebericht f\u00fcr die Stadt Porta Westfalica"},"content":{"rendered":"<p>Lesen Sie unseren\u00a0Antrag hier:<\/p>\n<p>&nbsp;<\/p>\n<p>Herrn<br \/>\nB\u00fcrgermeister Bernd Hedtmann<br \/>\nKempstrasse 1<br \/>\n32457 Porta Westfalica\u00a0\u00a0\u00a0\u00a0\u00a0\u00a0\u00a0\u00a0\u00a0\u00a0\u00a0\u00a0\u00a0\u00a0\u00a0\u00a0\u00a0\u00a0\u00a0\u00a0\u00a0\u00a0\u00a0\u00a0\u00a0\u00a0\u00a0\u00a0\u00a0\u00a0\u00a0\u00a0\u00a0\u00a0\u00a0\u00a0\u00a0\u00a0\u00a0\u00a0\u00a0\u00a0\u00a0\u00a0\u00a0\u00a0\u00a0\u00a0\u00a0\u00a0\u00a0\u00a0\u00a0\u00a0\u00a0\u00a0 \u00a0\u00a0\u00a0\u00a0\u00a0\u00a0\u00a0\u00a0\u00a0\u00a0\u00a0\u00a0\u00a0\u00a0\u00a0\u00a0\u00a0\u00a0\u00a0\u00a0\u00a0\u00a0\u00a0\u00a0\u00a0\u00a0\u00a0\u00a0\u00a002.01.15<\/p>\n<p>&nbsp;<\/p>\n<p><strong>Antrag zum APUB am 2.2.2015 Energiebericht<\/strong><\/p>\n<p><strong>\u00a0<\/strong>Sehr geehrter Herr B\u00fcrgermeister,<\/p>\n<p><strong>wie wiederholt schon m\u00fcndlich angefragt, beantragt die FDP Fraktion nun, dass die Verwaltung einen Energiebericht f\u00fcr die Jahre 2013 und 2014 und den Vergleich erstellt. Dieser Bericht soll sp\u00e4testens in der Sitzung des APUB am 23. M\u00e4rz und parallel im Arbeitskreis Energie vorgestellt werden.<\/strong><\/p>\n<p><strong>\u00a0<\/strong><strong>Dieser Energiebericht soll neben dem Verbrauch von Strom, Gas, Wasser und Nutzw\u00e4rme auch die daf\u00fcr jeweiligen Kosten darstellen<\/strong>.<\/p>\n<p>Begr\u00fcndung:<\/p>\n<p>Der letzte Energiebericht wurde nach unserer Kenntnis f\u00fcr das Jahr 2012 vorgelegt.<\/p>\n<p>Da gerade die Energiekosten einen nicht unerheblichen Posten im st\u00e4dtischen Haushalt darstellen, ist hier eine detaillierte Informationen f\u00fcr die Kommunalpolitik aus unserer Sicht notwendig und ein wichtiges Steuerungsinstrument.<\/p>\n<p>Die Pr\u00e4sentation u.a. auch in einer Grafik analog des Energieberichtes der Stadt Minden (siehe MT vom 22.12.2014) w\u00e4re dabei auch f\u00fcr die B\u00fcrger gut darstellbar und ist ggf. zur Ver\u00f6ffentlichung auf der Homepage zu verwenden.<\/p>\n<p>Da man partei\u00fcbergreifend sich \u00fcber Transparenz von Haushaltspositionen einig ist, sollte diese Form der Darstellung aus unserer Sicht ein erster Schritt sein.<\/p>\n<p>Freundliche Gr\u00fc\u00dfe<\/p>\n<p>&nbsp;<\/p>\n<p>Dirk Neitmann\u00a0\u00a0\u00a0\u00a0\u00a0\u00a0\u00a0\u00a0\u00a0\u00a0\u00a0\u00a0\u00a0\u00a0\u00a0\u00a0\u00a0\u00a0\u00a0\u00a0\u00a0\u00a0\u00a0\u00a0\u00a0\u00a0\u00a0\u00a0\u00a0\u00a0\u00a0\u00a0\u00a0\u00a0\u00a0\u00a0\u00a0\u00a0\u00a0\u00a0\u00a0\u00a0 \u00a0\u00a0\u00a0\u00a0\u00a0\u00a0\u00a0\u00a0\u00a0\u00a0\u00a0\u00a0\u00a0\u00a0\u00a0\u00a0\u00a0\u00a0\u00a0\u00a0\u00a0\u00a0\u00a0Cornelia M\u00fcller-Dieker<br \/>\nRatsmitglied\u00a0\u00a0\u00a0\u00a0\u00a0\u00a0\u00a0\u00a0\u00a0\u00a0\u00a0\u00a0\u00a0\u00a0\u00a0\u00a0\u00a0\u00a0\u00a0\u00a0\u00a0\u00a0\u00a0\u00a0\u00a0\u00a0\u00a0\u00a0\u00a0\u00a0\u00a0\u00a0\u00a0\u00a0\u00a0\u00a0\u00a0\u00a0\u00a0\u00a0\u00a0\u00a0\u00a0\u00a0\u00a0\u00a0\u00a0\u00a0\u00a0\u00a0\u00a0\u00a0\u00a0\u00a0\u00a0\u00a0\u00a0\u00a0\u00a0\u00a0\u00a0\u00a0\u00a0\u00a0\u00a0\u00a0\u00a0\u00a0 Fraktionsvorsitzende<\/p>\n","protected":false},"excerpt":{"rendered":"<p>Lesen Sie unseren\u00a0Antrag hier: &nbsp; Herrn B\u00fcrgermeister Bernd Hedtmann Kempstrasse 1 32457 Porta Westfalica\u00a0\u00a0\u00a0\u00a0\u00a0\u00a0\u00a0\u00a0\u00a0\u00a0\u00a0\u00a0\u00a0\u00a0\u00a0\u00a0\u00a0\u00a0\u00a0\u00a0\u00a0\u00a0\u00a0\u00a0\u00a0\u00a0\u00a0\u00a0\u00a0\u00a0\u00a0\u00a0\u00a0\u00a0\u00a0\u00a0\u00a0\u00a0\u00a0\u00a0\u00a0\u00a0\u00a0\u00a0\u00a0\u00a0\u00a0\u00a0\u00a0\u00a0\u00a0\u00a0\u00a0\u00a0\u00a0\u00a0 \u00a0\u00a0\u00a0\u00a0\u00a0\u00a0\u00a0\u00a0\u00a0\u00a0\u00a0\u00a0\u00a0\u00a0\u00a0\u00a0\u00a0\u00a0\u00a0\u00a0\u00a0\u00a0\u00a0\u00a0\u00a0\u00a0\u00a0\u00a0\u00a002.01.15 &nbsp; Antrag zum APUB am 2.2.2015 Energiebericht \u00a0Sehr geehrter Herr B\u00fcrgermeister, wie wiederholt schon m\u00fcndlich angefragt, beantragt die FDP Fraktion nun, dass die Verwaltung einen Energiebericht f\u00fcr die Jahre 2013 und 2014 und den Vergleich erstellt. Dieser Bericht soll sp\u00e4testens [&hellip;]<\/p>\n","protected":false},"author":1,"featured_media":0,"comment_status":"closed","ping_status":"closed","sticky":false,"template":"","format":"standard","meta":{"footnotes":""},"categories":[1,18,13],"tags":[],"class_list":["post-1406","post","type-post","status-publish","format-standard","hentry","category-allgemein","category-antraege","category-fdp-porta-westfalica-aktuell"],"featured_image_src":null,"author_info":{"display_name":"webmaster","author_link":"https:\/\/fdp-porta.de\/FDP\/author\/webmaster\/"},"_links":{"self":[{"href":"https:\/\/fdp-porta.de\/FDP\/wp-json\/wp\/v2\/posts\/1406","targetHints":{"allow":["GET"]}}],"collection":[{"href":"https:\/\/fdp-porta.de\/FDP\/wp-json\/wp\/v2\/posts"}],"about":[{"href":"https:\/\/fdp-porta.de\/FDP\/wp-json\/wp\/v2\/types\/post"}],"author":[{"embeddable":true,"href":"https:\/\/fdp-porta.de\/FDP\/wp-json\/wp\/v2\/users\/1"}],"replies":[{"embeddable":true,"href":"https:\/\/fdp-porta.de\/FDP\/wp-json\/wp\/v2\/comments?post=1406"}],"version-history":[{"count":0,"href":"https:\/\/fdp-porta.de\/FDP\/wp-json\/wp\/v2\/posts\/1406\/revisions"}],"wp:attachment":[{"href":"https:\/\/fdp-porta.de\/FDP\/wp-json\/wp\/v2\/media?parent=1406"}],"wp:term":[{"taxonomy":"category","embeddable":true,"href":"https:\/\/fdp-porta.de\/FDP\/wp-json\/wp\/v2\/categories?post=1406"},{"taxonomy":"post_tag","embeddable":true,"href":"https:\/\/fdp-porta.de\/FDP\/wp-json\/wp\/v2\/tags?post=1406"}],"curies":[{"name":"wp","href":"https:\/\/api.w.org\/{rel}","templated":true}]}}