{"id":1318,"date":"2014-09-05T21:38:23","date_gmt":"2014-09-05T19:38:23","guid":{"rendered":"http:\/\/fdp-porta.de\/FDP\/?p=1318"},"modified":"2021-01-26T19:41:11","modified_gmt":"2021-01-26T17:41:11","slug":"anfrage-der-fdp-fraktion-zur-ueberarbeitung-des-kinderbildungsgesetzes-im-jugendhilfeausschuss-am-7-9-2014","status":"publish","type":"post","link":"https:\/\/fdp-porta.de\/FDP\/anfrage-der-fdp-fraktion-zur-ueberarbeitung-des-kinderbildungsgesetzes-im-jugendhilfeausschuss-am-7-9-2014\/","title":{"rendered":"Anfrage der FDP Fraktion zur \u00dcberarbeitung des Kinderbildungsgesetzes im Jugendhilfeausschuss am 7.9.2014"},"content":{"rendered":"<p>Herrn<br \/>\nB\u00fcrgermeister<br \/>\nBernd Hedtmann<br \/>\nKempstrasse 1<br \/>\n32457 Porta Westfalica 3.9.2014<\/p>\n<p><strong>Anfrage der FDP Fraktion zum JHA am 7.9.2014<\/strong><\/p>\n<p>Sehr geehrter Herr B\u00fcrgermeister,<\/p>\n<p>die FDP bittet um Beantwortung folgender Fragen im Jugendhilfeausschuss am 7.9.2014.<\/p>\n<p>Auswirkungen der \u00dcberarbeitung des Kinderbildungsgesetzes<\/p>\n<p>Am 4. Juni ist im D\u00fcsseldorfer Landtag mit den Stimmen der rot-gr\u00fcnen Regierungskoalitionen die \u00dcberarbeitung des Kinderbildungsgesetzes beschlossen worden. Im Vorfeld hatte es massive Proteste gegen die Pl\u00e4ne der Landesregierung gegeben. Insbesondere die Erh\u00f6hung der Kindpauschale um lediglich 1,5 % wurde als nicht ausk\u00f6mmlich angesehen.<br \/>\nVor allem wird bef\u00fcrchtet, dass in den n\u00e4chsten Jahren zahlreiche Tr\u00e4ger ihren Kita-Betrieb einstellen m\u00fcssen. Eine weitere Anhebung der Kindpauschale soll nach Auffassung der Landesregierung auf Kosten der Kommunen gehen.<\/p>\n<p>Vor diesem Hintergrund fragt die FDP Fraktion an:<\/p>\n<p>1.) Wie bewertet die Verwaltung das Finanzierungssystem nach dem ge\u00e4nderten Kinderbildungsgesetz? Sind die Pauschalen ausk\u00f6mmlich?<\/p>\n<p>2.) Welche Auswirkungen hat das neue Kinderbildungsgesetz auf das Betreuungsangebot in Porta Westfalica? Sehen \u00f6rtliche Tr\u00e4ger ihren Kita-Betrieb als gef\u00e4hrdet an?<\/p>\n<p>3.) H\u00e4lt die Verwaltung eine m\u00f6gliche Anhebung der Kindpauschale f\u00fcr eine konnexit\u00e4tsrelevante Aufgabe? Wie wird die Verwaltung reagieren, wenn das Land die Kosten f\u00fcr eine weitere Anhebung an die Kommunen weitergeben will?<\/p>\n<p>F\u00fcr die FDP-Fraktion<\/p>\n<p>Cornelia M\u00fcller-Dieker<br \/>\nFraktionsvorsitzende<\/p>\n<p>Wilhelm Pottkamp<br \/>\nMitglied im JHA<\/p>\n","protected":false},"excerpt":{"rendered":"<p>Herrn B\u00fcrgermeister Bernd Hedtmann Kempstrasse 1 32457 Porta Westfalica 3.9.2014 Anfrage der FDP Fraktion zum JHA am 7.9.2014 Sehr geehrter Herr B\u00fcrgermeister, die FDP bittet um Beantwortung folgender Fragen im Jugendhilfeausschuss am 7.9.2014. Auswirkungen der \u00dcberarbeitung des Kinderbildungsgesetzes Am 4. Juni ist im D\u00fcsseldorfer Landtag mit den Stimmen der rot-gr\u00fcnen Regierungskoalitionen die \u00dcberarbeitung des Kinderbildungsgesetzes [&hellip;]<\/p>\n","protected":false},"author":1,"featured_media":0,"comment_status":"closed","ping_status":"closed","sticky":false,"template":"","format":"standard","meta":{"footnotes":""},"categories":[1,13],"tags":[],"class_list":["post-1318","post","type-post","status-publish","format-standard","hentry","category-allgemein","category-fdp-porta-westfalica-aktuell"],"featured_image_src":null,"author_info":{"display_name":"webmaster","author_link":"https:\/\/fdp-porta.de\/FDP\/author\/webmaster\/"},"_links":{"self":[{"href":"https:\/\/fdp-porta.de\/FDP\/wp-json\/wp\/v2\/posts\/1318","targetHints":{"allow":["GET"]}}],"collection":[{"href":"https:\/\/fdp-porta.de\/FDP\/wp-json\/wp\/v2\/posts"}],"about":[{"href":"https:\/\/fdp-porta.de\/FDP\/wp-json\/wp\/v2\/types\/post"}],"author":[{"embeddable":true,"href":"https:\/\/fdp-porta.de\/FDP\/wp-json\/wp\/v2\/users\/1"}],"replies":[{"embeddable":true,"href":"https:\/\/fdp-porta.de\/FDP\/wp-json\/wp\/v2\/comments?post=1318"}],"version-history":[{"count":0,"href":"https:\/\/fdp-porta.de\/FDP\/wp-json\/wp\/v2\/posts\/1318\/revisions"}],"wp:attachment":[{"href":"https:\/\/fdp-porta.de\/FDP\/wp-json\/wp\/v2\/media?parent=1318"}],"wp:term":[{"taxonomy":"category","embeddable":true,"href":"https:\/\/fdp-porta.de\/FDP\/wp-json\/wp\/v2\/categories?post=1318"},{"taxonomy":"post_tag","embeddable":true,"href":"https:\/\/fdp-porta.de\/FDP\/wp-json\/wp\/v2\/tags?post=1318"}],"curies":[{"name":"wp","href":"https:\/\/api.w.org\/{rel}","templated":true}]}}