{"id":1222,"date":"2014-07-05T12:25:40","date_gmt":"2014-07-05T10:25:40","guid":{"rendered":"http:\/\/fdp-porta.de\/FDP\/?p=1222"},"modified":"2021-01-26T19:41:11","modified_gmt":"2021-01-26T17:41:11","slug":"fdp-stellt-anfrage-zur-sitzung-des-hfa-bzgl-der-haushaltssperre-in-nrw","status":"publish","type":"post","link":"https:\/\/fdp-porta.de\/FDP\/fdp-stellt-anfrage-zur-sitzung-des-hfa-bzgl-der-haushaltssperre-in-nrw\/","title":{"rendered":"FDP stellt Anfrage zur Sitzung des HFA bzgl. der Haushaltssperre in NRW"},"content":{"rendered":"<p><strong>Anfrage zur Sitzung des HFA am 27.8.2014 zur Haushaltssperre in NRW<\/strong><\/p>\n<p><strong>\u00a0<\/strong><\/p>\n<p>Sehr geehrter Herr B\u00fcrgermeister<em>,<\/em><\/p>\n<p>die FDP-Fraktion bittet Sie, folgende Anfrage in der kommenden Sitzung des Haupt-und Finanzausschusses zu beantworten<\/p>\n<p><strong>Haushaltssperre der Landesregierung<\/strong><\/p>\n<p>Aufgrund des Urteiles des Verfassungsgerichtes in M\u00fcnster zur Beamtenbesoldung und der daraufhin verh\u00e4ngten Haushaltssperre hat sich f\u00fcr die Kommunen in NRW eine schwierige Situation ergeben.<\/p>\n<p><strong><em>Die FDP-Fraktion bittet Sie um Beantwortung der folgenden Fragen:<\/em><\/strong><\/p>\n<p>1) Wie sch\u00e4tzt der K\u00e4mmerer die Situation ein?<\/p>\n<p>2) K\u00f6nnen geplante Projekte auch weiterhin durchgef\u00fchrt werden?<\/p>\n<p>3) Sind Vereine( wenn ja, welche??) betroffen, die keine Zusch\u00fcsse mehr vom Land erhalten?<\/p>\n<p>4) Welche geplanten Bauvorhaben k\u00f6nnen nicht umgesetzt werden?<\/p>\n<p>5) Mit welcher Summe hat die Verwaltung in allen Fachbereichen geplant?<\/p>\n<p>6) Wie soll die fehlende Summe ersetzt werden?<\/p>\n<p>&nbsp;<\/p>\n<p><strong>Begr\u00fcndung:<\/strong><\/p>\n<p>Der Finanzminister des Landes NRW hat am Dienstag, 1. Juli 2014, eine sofortige Haushaltssperre verh\u00e4ngt. Damit sind in NRW nur noch Ausgaben m\u00f6glich, die gesetzlich verpflichtend, unabdingbar oder per Vertrag vereinbart sind.<\/p>\n<p>Viele freiwillige Zahlungen oder Vereinbarungen mit den Kommunen sind nicht mehr leistbar. So sind z.B. Gelder f\u00fcr ehrenamtliche Arbeit oder Stra\u00dfenbauarbeiten u.U. nicht mehr abrufbar.<\/p>\n<p>Eventuell werden auch, zugesagte Gelder des Landes zur F\u00f6rderung von Sportvereinen oder anderen Vereinen gestrichen. Das hat gegebenenfalls Auswirkungen auf das \u00f6ffentliche Leben vor Ort.<\/p>\n<p>Freundliche Gr\u00fc\u00dfe<br \/>\nCornelia M\u00fcller-Dieker<br \/>\nFraktionsvorsitzende<\/p>\n","protected":false},"excerpt":{"rendered":"<p>Anfrage zur Sitzung des HFA am 27.8.2014 zur Haushaltssperre in NRW \u00a0 Sehr geehrter Herr B\u00fcrgermeister, die FDP-Fraktion bittet Sie, folgende Anfrage in der kommenden Sitzung des Haupt-und Finanzausschusses zu beantworten Haushaltssperre der Landesregierung Aufgrund des Urteiles des Verfassungsgerichtes in M\u00fcnster zur Beamtenbesoldung und der daraufhin verh\u00e4ngten Haushaltssperre hat sich f\u00fcr die Kommunen in NRW [&hellip;]<\/p>\n","protected":false},"author":1,"featured_media":0,"comment_status":"closed","ping_status":"closed","sticky":false,"template":"","format":"standard","meta":{"footnotes":""},"categories":[1,13],"tags":[],"class_list":["post-1222","post","type-post","status-publish","format-standard","hentry","category-allgemein","category-fdp-porta-westfalica-aktuell"],"featured_image_src":null,"author_info":{"display_name":"webmaster","author_link":"https:\/\/fdp-porta.de\/FDP\/author\/webmaster\/"},"_links":{"self":[{"href":"https:\/\/fdp-porta.de\/FDP\/wp-json\/wp\/v2\/posts\/1222","targetHints":{"allow":["GET"]}}],"collection":[{"href":"https:\/\/fdp-porta.de\/FDP\/wp-json\/wp\/v2\/posts"}],"about":[{"href":"https:\/\/fdp-porta.de\/FDP\/wp-json\/wp\/v2\/types\/post"}],"author":[{"embeddable":true,"href":"https:\/\/fdp-porta.de\/FDP\/wp-json\/wp\/v2\/users\/1"}],"replies":[{"embeddable":true,"href":"https:\/\/fdp-porta.de\/FDP\/wp-json\/wp\/v2\/comments?post=1222"}],"version-history":[{"count":0,"href":"https:\/\/fdp-porta.de\/FDP\/wp-json\/wp\/v2\/posts\/1222\/revisions"}],"wp:attachment":[{"href":"https:\/\/fdp-porta.de\/FDP\/wp-json\/wp\/v2\/media?parent=1222"}],"wp:term":[{"taxonomy":"category","embeddable":true,"href":"https:\/\/fdp-porta.de\/FDP\/wp-json\/wp\/v2\/categories?post=1222"},{"taxonomy":"post_tag","embeddable":true,"href":"https:\/\/fdp-porta.de\/FDP\/wp-json\/wp\/v2\/tags?post=1222"}],"curies":[{"name":"wp","href":"https:\/\/api.w.org\/{rel}","templated":true}]}}